{"id":471,"date":"2011-05-19T11:11:54","date_gmt":"2011-05-19T11:11:54","guid":{"rendered":"http:\/\/joanardevol.org\/info\/?p=471"},"modified":"2011-05-19T11:11:54","modified_gmt":"2011-05-19T11:11:54","slug":"fem-teatre","status":"publish","type":"post","link":"https:\/\/agora.xtec.cat\/escjoanardevol\/general\/fem-teatre\/","title":{"rendered":"Fem teatre!"},"content":{"rendered":"<p>Aviat\u00a0 estrenarem\u00a0 un magn\u00edfic espectacle teatral\u00a0 a c\u00e0rrec dels alumnes de cinqu\u00e8 curs de prim\u00e0ria.<\/p>\n<p>Tots junts hem sortit al costat d\u2019un dels nostres decorats. Ser\u00e0 el castell de la Ventafocs o la bonica caseta dels nans de Blancaneus.<\/p>\n<p><a href=\"http:\/\/joanardevol.org\/info\/wp-content\/uploads\/2011\/05\/IMG_1385.jpg\"><img loading=\"lazy\" decoding=\"async\" class=\"aligncenter size-large wp-image-472\" title=\"IMG_1385\" src=\"http:\/\/joanardevol.org\/info\/wp-content\/uploads\/2011\/05\/IMG_1385-1024x768.jpg\" alt=\"\" width=\"500\" height=\"375\" srcset=\"https:\/\/agora.xtec.cat\/escjoanardevol\/wp-content\/uploads\/usu550\/2011\/05\/IMG_1385-1024x768.jpg 1024w, https:\/\/agora.xtec.cat\/escjoanardevol\/wp-content\/uploads\/usu550\/2011\/05\/IMG_1385-300x225.jpg 300w, https:\/\/agora.xtec.cat\/escjoanardevol\/wp-content\/uploads\/usu550\/2011\/05\/IMG_1385-768x576.jpg 768w, https:\/\/agora.xtec.cat\/escjoanardevol\/wp-content\/uploads\/usu550\/2011\/05\/IMG_1385-200x150.jpg 200w\" sizes=\"auto, (max-width: 500px) 100vw, 500px\" \/><\/a><\/p>\n<p><a href=\"http:\/\/joanardevol.org\/info\/wp-content\/uploads\/2011\/05\/IMG_13891.jpg\"><img loading=\"lazy\" decoding=\"async\" class=\"aligncenter size-large wp-image-478\" title=\"IMG_1389\" src=\"http:\/\/joanardevol.org\/info\/wp-content\/uploads\/2011\/05\/IMG_13891-1024x768.jpg\" alt=\"\" width=\"500\" height=\"375\" srcset=\"https:\/\/agora.xtec.cat\/escjoanardevol\/wp-content\/uploads\/usu550\/2011\/05\/IMG_13891-1024x768.jpg 1024w, https:\/\/agora.xtec.cat\/escjoanardevol\/wp-content\/uploads\/usu550\/2011\/05\/IMG_13891-300x225.jpg 300w, https:\/\/agora.xtec.cat\/escjoanardevol\/wp-content\/uploads\/usu550\/2011\/05\/IMG_13891-768x576.jpg 768w, https:\/\/agora.xtec.cat\/escjoanardevol\/wp-content\/uploads\/usu550\/2011\/05\/IMG_13891-200x150.jpg 200w\" sizes=\"auto, (max-width: 500px) 100vw, 500px\" \/><\/a><a href=\"http:\/\/joanardevol.org\/info\/wp-content\/uploads\/2011\/05\/IMG_1389.jpg\"><br \/>\n<\/a><\/p>\n<p>Veniu a descobrir-ho el 31 de maig al pavell\u00f3 cobert de la nostra escola.<\/p>\n<p>Us hi esperem a tots!!!<\/p>\n<p>&nbsp;<\/p>\n<p>Pla Experimental de Lleng\u00fces Estrangeres<\/p>\n","protected":false},"excerpt":{"rendered":"<p>Aviat\u00a0 estrenarem\u00a0 un magn\u00edfic espectacle teatral\u00a0 a c\u00e0rrec dels alumnes de cinqu\u00e8 curs de prim\u00e0ria.<br \/>\nTots junts hem sortit al costat d\u2019un dels nostres decorats. Ser\u00e0 el castell de la Ventafocs o la bonica caseta dels nans de Blancaneus.<br \/>\n<a href=\"http:\/\/joanardevol.org\/info\/wp-content\/uploads\/2011\/05\/IMG_1385.jpg\"><\/a><br \/>\n<a href=\"http:\/\/joanardevol.org\/info\/wp-content\/uploads\/2011\/05\/IMG_13891.jpg\"><\/a><a href=\"http:\/\/joanardevol.org\/info\/wp-content\/uploads\/2011\/05\/IMG_1389.jpg\"><br \/>\n<\/a><br \/>\nVeniu a descobrir-ho el 31&hellip;  <a href=\"https:\/\/agora.xtec.cat\/escjoanardevol\/general\/fem-teatre\/\" title=\"Read Fem teatre!\">Llegeix m\u00e9s\u00bb<\/a><\/p>\n","protected":false},"author":1,"featured_media":0,"comment_status":"open","ping_status":"open","sticky":false,"template":"","format":"standard","meta":{"_bbp_topic_count":0,"_bbp_reply_count":0,"_bbp_total_topic_count":0,"_bbp_total_reply_count":0,"_bbp_voice_count":0,"_bbp_anonymous_reply_count":0,"_bbp_topic_count_hidden":0,"_bbp_reply_count_hidden":0,"_bbp_forum_subforum_count":0,"footnotes":""},"categories":[14,1],"tags":[59,77,152,180],"class_list":["post-471","post","type-post","status-publish","format-standard","hentry","category-5e","category-general","tag-activitats","tag-cicle-superior-2","tag-pele","tag-teatre"],"post_mailing_queue_ids":[],"_links":{"self":[{"href":"https:\/\/agora.xtec.cat\/escjoanardevol\/wp-json\/wp\/v2\/posts\/471","targetHints":{"allow":["GET"]}}],"collection":[{"href":"https:\/\/agora.xtec.cat\/escjoanardevol\/wp-json\/wp\/v2\/posts"}],"about":[{"href":"https:\/\/agora.xtec.cat\/escjoanardevol\/wp-json\/wp\/v2\/types\/post"}],"author":[{"embeddable":true,"href":"https:\/\/agora.xtec.cat\/escjoanardevol\/wp-json\/wp\/v2\/users\/1"}],"replies":[{"embeddable":true,"href":"https:\/\/agora.xtec.cat\/escjoanardevol\/wp-json\/wp\/v2\/comments?post=471"}],"version-history":[{"count":0,"href":"https:\/\/agora.xtec.cat\/escjoanardevol\/wp-json\/wp\/v2\/posts\/471\/revisions"}],"wp:attachment":[{"href":"https:\/\/agora.xtec.cat\/escjoanardevol\/wp-json\/wp\/v2\/media?parent=471"}],"wp:term":[{"taxonomy":"category","embeddable":true,"href":"https:\/\/agora.xtec.cat\/escjoanardevol\/wp-json\/wp\/v2\/categories?post=471"},{"taxonomy":"post_tag","embeddable":true,"href":"https:\/\/agora.xtec.cat\/escjoanardevol\/wp-json\/wp\/v2\/tags?post=471"}],"curies":[{"name":"wp","href":"https:\/\/api.w.org\/{rel}","templated":true}]}}