{"id":4702,"date":"2017-06-03T15:16:15","date_gmt":"2017-06-03T13:16:15","guid":{"rendered":"http:\/\/agora.xtec.cat\/escjoanardevol\/?p=4702"},"modified":"2017-06-05T18:13:56","modified_gmt":"2017-06-05T16:13:56","slug":"els-mes-petits-fem-un-dia-de-granja","status":"publish","type":"post","link":"https:\/\/agora.xtec.cat\/escjoanardevol\/general\/els-mes-petits-fem-un-dia-de-granja\/","title":{"rendered":"Els m\u00e9s petits fem un dia de granja"},"content":{"rendered":"<p>Ovelles, cabres, porcs vietnamites, cangurs, vaques, gallines, cavalls, conills, alpaques, &#8230; Tots aquests animals i m\u00e9s s\u00f3n els que vam poder con\u00e8ixer, alimentar, tocar, i aprendre d&#8217;on s\u00f3n, com viuen, i com s&#8217;han de cuidar. Tamb\u00e9 hem estat a l&#8217;hort i hem plantat una llavor de bajoca per cuidar-la i fer-la cr\u00e9ixer a casa. Hem fet un tomb amb carro, i ens ho hem passat bomba als llits el\u00e0stics i a la tirolina.<\/p>\n<p><a href=\"https:\/\/goo.gl\/photos\/dnAw1BnomCNV4nCXA\" target=\"_blank\"><img loading=\"lazy\" decoding=\"async\" class=\"alignnone wp-image-4711 size-full\" src=\"http:\/\/agora.xtec.cat\/escjoanardevol\/wp-content\/uploads\/usu550\/2017\/06\/IMG_4070-1-1.jpg\" alt=\"IMG_4070-----\" width=\"576\" height=\"432\" srcset=\"https:\/\/agora.xtec.cat\/escjoanardevol\/wp-content\/uploads\/usu550\/2017\/06\/IMG_4070-1-1.jpg 576w, https:\/\/agora.xtec.cat\/escjoanardevol\/wp-content\/uploads\/usu550\/2017\/06\/IMG_4070-1-1-300x225.jpg 300w, https:\/\/agora.xtec.cat\/escjoanardevol\/wp-content\/uploads\/usu550\/2017\/06\/IMG_4070-1-1-200x150.jpg 200w\" sizes=\"auto, (max-width: 576px) 100vw, 576px\" \/><\/a><a href=\"https:\/\/goo.gl\/photos\/dnAw1BnomCNV4nCXA\">https:\/\/goo.gl\/photos\/dnAw1BnomCNV4nCXA<\/a><\/p>\n","protected":false},"excerpt":{"rendered":"<p>Ovelles, cabres, porcs vietnamites, cangurs, vaques, gallines, cavalls, conills, alpaques, &#8230; Tots aquests animals i m\u00e9s s\u00f3n els que vam poder con\u00e8ixer, alimentar, tocar, i aprendre d&#8217;on s\u00f3n, com viuen, i com s&#8217;han de cuidar. Tamb\u00e9 hem estat a l&#8217;hort i hem plantat una llavor&hellip;  <a href=\"https:\/\/agora.xtec.cat\/escjoanardevol\/general\/els-mes-petits-fem-un-dia-de-granja\/\" title=\"Read Els m\u00e9s petits fem un dia de granja\">Llegeix m\u00e9s\u00bb<\/a><\/p>\n","protected":false},"author":29,"featured_media":4711,"comment_status":"closed","ping_status":"closed","sticky":false,"template":"","format":"standard","meta":{"_bbp_topic_count":0,"_bbp_reply_count":0,"_bbp_total_topic_count":0,"_bbp_total_reply_count":0,"_bbp_voice_count":0,"_bbp_anonymous_reply_count":0,"_bbp_topic_count_hidden":0,"_bbp_reply_count_hidden":0,"_bbp_forum_subforum_count":0,"footnotes":""},"categories":[1,2,3,8,9,4],"tags":[59,103,140,16,187],"class_list":["post-4702","post","type-post","status-publish","format-standard","has-post-thumbnail","hentry","category-general","category-infantil","category-p3","category-p4","category-p5","category-portada","tag-activitats","tag-educacio-infantil","tag-medi","tag-sortides","tag-valors"],"post_mailing_queue_ids":[],"_links":{"self":[{"href":"https:\/\/agora.xtec.cat\/escjoanardevol\/wp-json\/wp\/v2\/posts\/4702","targetHints":{"allow":["GET"]}}],"collection":[{"href":"https:\/\/agora.xtec.cat\/escjoanardevol\/wp-json\/wp\/v2\/posts"}],"about":[{"href":"https:\/\/agora.xtec.cat\/escjoanardevol\/wp-json\/wp\/v2\/types\/post"}],"author":[{"embeddable":true,"href":"https:\/\/agora.xtec.cat\/escjoanardevol\/wp-json\/wp\/v2\/users\/29"}],"replies":[{"embeddable":true,"href":"https:\/\/agora.xtec.cat\/escjoanardevol\/wp-json\/wp\/v2\/comments?post=4702"}],"version-history":[{"count":3,"href":"https:\/\/agora.xtec.cat\/escjoanardevol\/wp-json\/wp\/v2\/posts\/4702\/revisions"}],"predecessor-version":[{"id":4713,"href":"https:\/\/agora.xtec.cat\/escjoanardevol\/wp-json\/wp\/v2\/posts\/4702\/revisions\/4713"}],"wp:featuredmedia":[{"embeddable":true,"href":"https:\/\/agora.xtec.cat\/escjoanardevol\/wp-json\/wp\/v2\/media\/4711"}],"wp:attachment":[{"href":"https:\/\/agora.xtec.cat\/escjoanardevol\/wp-json\/wp\/v2\/media?parent=4702"}],"wp:term":[{"taxonomy":"category","embeddable":true,"href":"https:\/\/agora.xtec.cat\/escjoanardevol\/wp-json\/wp\/v2\/categories?post=4702"},{"taxonomy":"post_tag","embeddable":true,"href":"https:\/\/agora.xtec.cat\/escjoanardevol\/wp-json\/wp\/v2\/tags?post=4702"}],"curies":[{"name":"wp","href":"https:\/\/api.w.org\/{rel}","templated":true}]}}