{"id":4700,"date":"2017-06-02T11:12:08","date_gmt":"2017-06-02T09:12:08","guid":{"rendered":"http:\/\/agora.xtec.cat\/escjoanardevol\/?p=4700"},"modified":"2017-06-04T08:03:19","modified_gmt":"2017-06-04T06:03:19","slug":"fem-activitats-amb-les-families","status":"publish","type":"post","link":"https:\/\/agora.xtec.cat\/escjoanardevol\/general\/fem-activitats-amb-les-families\/","title":{"rendered":"Fem activitats amb les fam\u00edlies!"},"content":{"rendered":"<p>L&#8217;altre dia un grup de mares de P3 i P4 van venir a les classes a realitzar unes activitats amb nosaltres. Vam fer diferents grups i cadascuna de les mares se n&#8217;ocupava d&#8217;un. Ens van ajudar a fer trencaclosques, vam jugar al d\u00f2mino, vam cosir n\u00fameros, vam fer construccions, entre d&#8217;altres activitats.<\/p>\n<p>Moltes gr\u00e0cies!!<\/p>\n<p><a href=\"https:\/\/goo.gl\/photos\/6EW4VGvkLiiTqfnH7\" target=\"_blank\"><img loading=\"lazy\" decoding=\"async\" class=\"alignnone wp-image-4705 size-large\" src=\"http:\/\/agora.xtec.cat\/escjoanardevol\/wp-content\/uploads\/usu550\/2017\/06\/IMG_5666\u00f1\u00f1\u00f1-1024x768.jpg\" alt=\"IMG_5666\u00f1\u00f1\u00f1\" width=\"1024\" height=\"768\" srcset=\"https:\/\/agora.xtec.cat\/escjoanardevol\/wp-content\/uploads\/usu550\/2017\/06\/IMG_5666\u00f1\u00f1\u00f1-1024x768.jpg 1024w, https:\/\/agora.xtec.cat\/escjoanardevol\/wp-content\/uploads\/usu550\/2017\/06\/IMG_5666\u00f1\u00f1\u00f1-300x225.jpg 300w, https:\/\/agora.xtec.cat\/escjoanardevol\/wp-content\/uploads\/usu550\/2017\/06\/IMG_5666\u00f1\u00f1\u00f1-768x576.jpg 768w, https:\/\/agora.xtec.cat\/escjoanardevol\/wp-content\/uploads\/usu550\/2017\/06\/IMG_5666\u00f1\u00f1\u00f1-200x150.jpg 200w, https:\/\/agora.xtec.cat\/escjoanardevol\/wp-content\/uploads\/usu550\/2017\/06\/IMG_5666\u00f1\u00f1\u00f1.jpg 1107w\" sizes=\"auto, (max-width: 1024px) 100vw, 1024px\" \/><\/a><\/p>\n","protected":false},"excerpt":{"rendered":"<p>L&#8217;altre dia un grup de mares de P3 i P4 van venir a les classes a realitzar unes activitats amb nosaltres. Vam fer diferents grups i cadascuna de les mares se n&#8217;ocupava d&#8217;un. Ens van ajudar a fer trencaclosques, vam jugar al d\u00f2mino, vam cosir&hellip;  <a href=\"https:\/\/agora.xtec.cat\/escjoanardevol\/general\/fem-activitats-amb-les-families\/\" title=\"Read Fem activitats amb les fam\u00edlies!\">Llegeix m\u00e9s\u00bb<\/a><\/p>\n","protected":false},"author":29,"featured_media":4705,"comment_status":"closed","ping_status":"closed","sticky":false,"template":"","format":"standard","meta":{"_bbp_topic_count":0,"_bbp_reply_count":0,"_bbp_total_topic_count":0,"_bbp_total_reply_count":0,"_bbp_voice_count":0,"_bbp_anonymous_reply_count":0,"_bbp_topic_count_hidden":0,"_bbp_reply_count_hidden":0,"_bbp_forum_subforum_count":0,"footnotes":""},"categories":[1,2,3,8,4],"tags":[59,94,103,148],"class_list":["post-4700","post","type-post","status-publish","format-standard","has-post-thumbnail","hentry","category-general","category-infantil","category-p3","category-p4","category-portada","tag-activitats","tag-cooperacio","tag-educacio-infantil","tag-noticies"],"post_mailing_queue_ids":[],"_links":{"self":[{"href":"https:\/\/agora.xtec.cat\/escjoanardevol\/wp-json\/wp\/v2\/posts\/4700","targetHints":{"allow":["GET"]}}],"collection":[{"href":"https:\/\/agora.xtec.cat\/escjoanardevol\/wp-json\/wp\/v2\/posts"}],"about":[{"href":"https:\/\/agora.xtec.cat\/escjoanardevol\/wp-json\/wp\/v2\/types\/post"}],"author":[{"embeddable":true,"href":"https:\/\/agora.xtec.cat\/escjoanardevol\/wp-json\/wp\/v2\/users\/29"}],"replies":[{"embeddable":true,"href":"https:\/\/agora.xtec.cat\/escjoanardevol\/wp-json\/wp\/v2\/comments?post=4700"}],"version-history":[{"count":3,"href":"https:\/\/agora.xtec.cat\/escjoanardevol\/wp-json\/wp\/v2\/posts\/4700\/revisions"}],"predecessor-version":[{"id":4710,"href":"https:\/\/agora.xtec.cat\/escjoanardevol\/wp-json\/wp\/v2\/posts\/4700\/revisions\/4710"}],"wp:featuredmedia":[{"embeddable":true,"href":"https:\/\/agora.xtec.cat\/escjoanardevol\/wp-json\/wp\/v2\/media\/4705"}],"wp:attachment":[{"href":"https:\/\/agora.xtec.cat\/escjoanardevol\/wp-json\/wp\/v2\/media?parent=4700"}],"wp:term":[{"taxonomy":"category","embeddable":true,"href":"https:\/\/agora.xtec.cat\/escjoanardevol\/wp-json\/wp\/v2\/categories?post=4700"},{"taxonomy":"post_tag","embeddable":true,"href":"https:\/\/agora.xtec.cat\/escjoanardevol\/wp-json\/wp\/v2\/tags?post=4700"}],"curies":[{"name":"wp","href":"https:\/\/api.w.org\/{rel}","templated":true}]}}