{"id":4692,"date":"2017-05-29T10:22:31","date_gmt":"2017-05-29T08:22:31","guid":{"rendered":"http:\/\/agora.xtec.cat\/escjoanardevol\/?p=4692"},"modified":"2017-05-29T11:06:29","modified_gmt":"2017-05-29T09:06:29","slug":"pel%c2%b7licules-comics-experiments-amb-les-tablets","status":"publish","type":"post","link":"https:\/\/agora.xtec.cat\/escjoanardevol\/infantil\/pel%c2%b7licules-comics-experiments-amb-les-tablets\/","title":{"rendered":"Pel\u00b7l\u00edcules, c\u00f2mics, experiments&#8230; amb les tablets!"},"content":{"rendered":"<p>Els nens i nenes de P5 hem treballat amb les tablets, i gr\u00e0cies a diferents aplicacions, hem pogut crear les nostres pel\u00b7l\u00edcules a partir de ninots de plastilina, de peces de construcci\u00f3, de lletres, i amb nosaltres mateixos. Tamb\u00e9 hem experimentat la realitat augmentada a partir d&#8217;uns dibuixos pintats per nosaltres mateixos i amb els que \u00a0hem pogut jugar i experimentar amb la tablet. I tamb\u00e9 ens hem fet fotos i les hem convertit en c\u00f2mic!<\/p>\n<p><a href=\"https:\/\/goo.gl\/photos\/WTMkbx5ix5NqcV9x7\"><img loading=\"lazy\" decoding=\"async\" class=\"alignnone size-full wp-image-4698\" src=\"http:\/\/agora.xtec.cat\/escjoanardevol\/wp-content\/uploads\/usu550\/2017\/05\/saved_149580839063100000000.jpg\" alt=\"saved_149580839063100000000\" width=\"674\" height=\"425\" srcset=\"https:\/\/agora.xtec.cat\/escjoanardevol\/wp-content\/uploads\/usu550\/2017\/05\/saved_149580839063100000000.jpg 674w, https:\/\/agora.xtec.cat\/escjoanardevol\/wp-content\/uploads\/usu550\/2017\/05\/saved_149580839063100000000-300x189.jpg 300w\" sizes=\"auto, (max-width: 674px) 100vw, 674px\" \/><\/a><\/p>\n","protected":false},"excerpt":{"rendered":"<p>Els nens i nenes de P5 hem treballat amb les tablets, i gr\u00e0cies a diferents aplicacions, hem pogut crear les nostres pel\u00b7l\u00edcules a partir de ninots de plastilina, de peces de construcci\u00f3, de lletres, i amb nosaltres mateixos. Tamb\u00e9 hem experimentat la realitat augmentada a&hellip;  <a href=\"https:\/\/agora.xtec.cat\/escjoanardevol\/infantil\/pel%c2%b7licules-comics-experiments-amb-les-tablets\/\" title=\"Read Pel\u00b7l\u00edcules, c\u00f2mics, experiments&#8230; amb les tablets!\">Llegeix m\u00e9s\u00bb<\/a><\/p>\n","protected":false},"author":29,"featured_media":4694,"comment_status":"closed","ping_status":"closed","sticky":false,"template":"","format":"standard","meta":{"_bbp_topic_count":0,"_bbp_reply_count":0,"_bbp_total_topic_count":0,"_bbp_total_reply_count":0,"_bbp_voice_count":0,"_bbp_anonymous_reply_count":0,"_bbp_topic_count_hidden":0,"_bbp_reply_count_hidden":0,"_bbp_forum_subforum_count":0,"footnotes":""},"categories":[2,9,4],"tags":[59,103,182],"class_list":["post-4692","post","type-post","status-publish","format-standard","has-post-thumbnail","hentry","category-infantil","category-p5","category-portada","tag-activitats","tag-educacio-infantil","tag-treball"],"post_mailing_queue_ids":[],"_links":{"self":[{"href":"https:\/\/agora.xtec.cat\/escjoanardevol\/wp-json\/wp\/v2\/posts\/4692","targetHints":{"allow":["GET"]}}],"collection":[{"href":"https:\/\/agora.xtec.cat\/escjoanardevol\/wp-json\/wp\/v2\/posts"}],"about":[{"href":"https:\/\/agora.xtec.cat\/escjoanardevol\/wp-json\/wp\/v2\/types\/post"}],"author":[{"embeddable":true,"href":"https:\/\/agora.xtec.cat\/escjoanardevol\/wp-json\/wp\/v2\/users\/29"}],"replies":[{"embeddable":true,"href":"https:\/\/agora.xtec.cat\/escjoanardevol\/wp-json\/wp\/v2\/comments?post=4692"}],"version-history":[{"count":3,"href":"https:\/\/agora.xtec.cat\/escjoanardevol\/wp-json\/wp\/v2\/posts\/4692\/revisions"}],"predecessor-version":[{"id":4699,"href":"https:\/\/agora.xtec.cat\/escjoanardevol\/wp-json\/wp\/v2\/posts\/4692\/revisions\/4699"}],"wp:featuredmedia":[{"embeddable":true,"href":"https:\/\/agora.xtec.cat\/escjoanardevol\/wp-json\/wp\/v2\/media\/4694"}],"wp:attachment":[{"href":"https:\/\/agora.xtec.cat\/escjoanardevol\/wp-json\/wp\/v2\/media?parent=4692"}],"wp:term":[{"taxonomy":"category","embeddable":true,"href":"https:\/\/agora.xtec.cat\/escjoanardevol\/wp-json\/wp\/v2\/categories?post=4692"},{"taxonomy":"post_tag","embeddable":true,"href":"https:\/\/agora.xtec.cat\/escjoanardevol\/wp-json\/wp\/v2\/tags?post=4692"}],"curies":[{"name":"wp","href":"https:\/\/api.w.org\/{rel}","templated":true}]}}