{"id":4684,"date":"2017-05-24T09:41:37","date_gmt":"2017-05-24T07:41:37","guid":{"rendered":"http:\/\/agora.xtec.cat\/escjoanardevol\/?p=4684"},"modified":"2017-05-24T09:42:08","modified_gmt":"2017-05-24T07:42:08","slug":"colonies-cicle-mitja-2","status":"publish","type":"post","link":"https:\/\/agora.xtec.cat\/escjoanardevol\/portada\/colonies-cicle-mitja-2\/","title":{"rendered":"Col\u00f2nies de Cicle Mitj\u00e0"},"content":{"rendered":"<p>Els dies 22 i 23 de maig les nenes i nens de tercer i quart de prim\u00e0ria hem gaudit de dos dies molt especials: <strong>LES NOSTRES COL\u00d2NIES<\/strong>.<br \/>\nEl dilluns vam marxar ben carregats amb autob\u00fas. Vam fer una parada a <span style=\"text-decoration: underline;\">Poblet<\/span>. All\u00ed vam esmorzar i vam con\u00e8ixer el magn\u00edfic monestir.<br \/>\nDespr\u00e9s vam arribar a la bonica casa de col\u00f2nies de <span style=\"text-decoration: underline;\">la Capella<\/span> , amb grans jardins i vistes a Poblet.<br \/>\nDurant aquests dos dies hem fet moltes activitats: jocs d&#8217;orientaci\u00f3, jocs de nit , discoteca, jocs lliures i una bonica passejada pel bosc fins arribar al <span style=\"text-decoration: underline;\">Mirador de les Abelles<\/span>.<br \/>\nEls monitors han estat molt simp\u00e0tics i divertits i han explicat les activitats <strong>en angl\u00e8s<\/strong>.<\/p>\n<p>Ens ho hem passat d&#8217;all\u00f2 m\u00e9s b\u00e9 !!!!<\/p>\n<p><a href=\"https:\/\/goo.gl\/photos\/QDTktoBuhK7iLtrF6\" target=\"_blank\"><img loading=\"lazy\" decoding=\"async\" class=\"alignnone wp-image-4685 size-medium\" src=\"http:\/\/agora.xtec.cat\/escjoanardevol\/wp-content\/uploads\/usu550\/2017\/05\/IMG_6034-c\u00f2pia-300x225.jpg\" alt=\"IMG_6034 - c\u00f2pia\" width=\"300\" height=\"225\" srcset=\"https:\/\/agora.xtec.cat\/escjoanardevol\/wp-content\/uploads\/usu550\/2017\/05\/IMG_6034-c\u00f2pia-300x225.jpg 300w, https:\/\/agora.xtec.cat\/escjoanardevol\/wp-content\/uploads\/usu550\/2017\/05\/IMG_6034-c\u00f2pia-200x150.jpg 200w, https:\/\/agora.xtec.cat\/escjoanardevol\/wp-content\/uploads\/usu550\/2017\/05\/IMG_6034-c\u00f2pia.jpg 704w\" sizes=\"auto, (max-width: 300px) 100vw, 300px\" \/><\/a><\/p>\n","protected":false},"excerpt":{"rendered":"<p>Els dies 22 i 23 de maig les nenes i nens de tercer i quart de prim\u00e0ria hem gaudit de dos dies molt especials: LES NOSTRES COL\u00d2NIES.<br \/>\nEl dilluns vam marxar ben carregats amb autob\u00fas. Vam fer una parada a Poblet. All\u00ed vam esmorzar i vam&hellip;  <a href=\"https:\/\/agora.xtec.cat\/escjoanardevol\/portada\/colonies-cicle-mitja-2\/\" title=\"Read Col\u00f2nies de Cicle Mitj\u00e0\">Llegeix m\u00e9s\u00bb<\/a><\/p>\n","protected":false},"author":1,"featured_media":4685,"comment_status":"closed","ping_status":"open","sticky":false,"template":"","format":"standard","meta":{"_bbp_topic_count":0,"_bbp_reply_count":0,"_bbp_total_topic_count":0,"_bbp_total_reply_count":0,"_bbp_voice_count":0,"_bbp_anonymous_reply_count":0,"_bbp_topic_count_hidden":0,"_bbp_reply_count_hidden":0,"_bbp_forum_subforum_count":0,"footnotes":""},"categories":[12,13,4,5],"tags":[76,86,93,94,140,16,187],"class_list":["post-4684","post","type-post","status-publish","format-standard","has-post-thumbnail","hentry","category-3r","category-4t","category-portada","category-primaria","tag-cicle-mitja","tag-colonies","tag-convivencia","tag-cooperacio","tag-medi","tag-sortides","tag-valors"],"post_mailing_queue_ids":[],"_links":{"self":[{"href":"https:\/\/agora.xtec.cat\/escjoanardevol\/wp-json\/wp\/v2\/posts\/4684","targetHints":{"allow":["GET"]}}],"collection":[{"href":"https:\/\/agora.xtec.cat\/escjoanardevol\/wp-json\/wp\/v2\/posts"}],"about":[{"href":"https:\/\/agora.xtec.cat\/escjoanardevol\/wp-json\/wp\/v2\/types\/post"}],"author":[{"embeddable":true,"href":"https:\/\/agora.xtec.cat\/escjoanardevol\/wp-json\/wp\/v2\/users\/1"}],"replies":[{"embeddable":true,"href":"https:\/\/agora.xtec.cat\/escjoanardevol\/wp-json\/wp\/v2\/comments?post=4684"}],"version-history":[{"count":2,"href":"https:\/\/agora.xtec.cat\/escjoanardevol\/wp-json\/wp\/v2\/posts\/4684\/revisions"}],"predecessor-version":[{"id":4687,"href":"https:\/\/agora.xtec.cat\/escjoanardevol\/wp-json\/wp\/v2\/posts\/4684\/revisions\/4687"}],"wp:featuredmedia":[{"embeddable":true,"href":"https:\/\/agora.xtec.cat\/escjoanardevol\/wp-json\/wp\/v2\/media\/4685"}],"wp:attachment":[{"href":"https:\/\/agora.xtec.cat\/escjoanardevol\/wp-json\/wp\/v2\/media?parent=4684"}],"wp:term":[{"taxonomy":"category","embeddable":true,"href":"https:\/\/agora.xtec.cat\/escjoanardevol\/wp-json\/wp\/v2\/categories?post=4684"},{"taxonomy":"post_tag","embeddable":true,"href":"https:\/\/agora.xtec.cat\/escjoanardevol\/wp-json\/wp\/v2\/tags?post=4684"}],"curies":[{"name":"wp","href":"https:\/\/api.w.org\/{rel}","templated":true}]}}