{"id":4678,"date":"2017-05-19T16:46:26","date_gmt":"2017-05-19T14:46:26","guid":{"rendered":"http:\/\/agora.xtec.cat\/escjoanardevol\/?p=4678"},"modified":"2017-05-19T16:48:59","modified_gmt":"2017-05-19T14:48:59","slug":"espectacular-espectacular","status":"publish","type":"post","link":"https:\/\/agora.xtec.cat\/escjoanardevol\/portada\/espectacular-espectacular\/","title":{"rendered":"Espectacular, espectacular!"},"content":{"rendered":"<p>Al llarg d\u2019aquesta setmana l\u2019alumnat de 5\u00e8 ha representat al pavell\u00f3 de l\u2019escola l\u2019obra de teatre-circ\u00a0 \u201cESPECTACULAR, ESPECTACULAR! Le Cirque des R\u00eaves\u201d. A la nostra carpa de circ han desfilat els m\u00e9s sorprenents, meravellosos i divertits personatges d\u2019un circ d\u2019all\u00f2 m\u00e9s especial. Amb les representacions hem posat punt i final a un projecte que va comen\u00e7ar a principi del present curs i que ha estat possible gr\u00e0cies a la participaci\u00f3 i col\u00b7laboraci\u00f3 del conjunt de la Comunitat Educativa (fam\u00edlies, professorat, AMPA, Escola de M\u00fasica, Ajuntament i entitats col\u00b7laboradores).<\/p>\n<p><a href=\"https:\/\/goo.gl\/photos\/MYrt3xNuRXvjzBP28\" target=\"_blank\"><img loading=\"lazy\" decoding=\"async\" class=\"alignnone wp-image-4680 size-medium\" src=\"http:\/\/agora.xtec.cat\/escjoanardevol\/wp-content\/uploads\/usu550\/2017\/05\/Archivo_000-300x169.jpg\" alt=\"Archivo_000\" width=\"300\" height=\"169\" srcset=\"https:\/\/agora.xtec.cat\/escjoanardevol\/wp-content\/uploads\/usu550\/2017\/05\/Archivo_000-300x169.jpg 300w, https:\/\/agora.xtec.cat\/escjoanardevol\/wp-content\/uploads\/usu550\/2017\/05\/Archivo_000-768x433.jpg 768w, https:\/\/agora.xtec.cat\/escjoanardevol\/wp-content\/uploads\/usu550\/2017\/05\/Archivo_000-1024x577.jpg 1024w, https:\/\/agora.xtec.cat\/escjoanardevol\/wp-content\/uploads\/usu550\/2017\/05\/Archivo_000.jpg 1136w\" sizes=\"auto, (max-width: 300px) 100vw, 300px\" \/><\/a><\/p>\n","protected":false},"excerpt":{"rendered":"<p>Al llarg d\u2019aquesta setmana l\u2019alumnat de 5\u00e8 ha representat al pavell\u00f3 de l\u2019escola l\u2019obra de teatre-circ\u00a0 \u201cESPECTACULAR, ESPECTACULAR! Le Cirque des R\u00eaves\u201d. A la nostra carpa de circ han desfilat els m\u00e9s sorprenents, meravellosos i divertits personatges d\u2019un circ d\u2019all\u00f2 m\u00e9s especial. Amb les representacions&hellip;  <a href=\"https:\/\/agora.xtec.cat\/escjoanardevol\/portada\/espectacular-espectacular\/\" title=\"Read Espectacular, espectacular!\">Llegeix m\u00e9s\u00bb<\/a><\/p>\n","protected":false},"author":1,"featured_media":4680,"comment_status":"closed","ping_status":"open","sticky":false,"template":"","format":"standard","meta":{"_bbp_topic_count":0,"_bbp_reply_count":0,"_bbp_total_topic_count":0,"_bbp_total_reply_count":0,"_bbp_voice_count":0,"_bbp_anonymous_reply_count":0,"_bbp_topic_count_hidden":0,"_bbp_reply_count_hidden":0,"_bbp_forum_subforum_count":0,"footnotes":""},"categories":[14,4],"tags":[59,77,82,93,94,180,187],"class_list":["post-4678","post","type-post","status-publish","format-standard","has-post-thumbnail","hentry","category-5e","category-portada","tag-activitats","tag-cicle-superior-2","tag-cinque","tag-convivencia","tag-cooperacio","tag-teatre","tag-valors"],"post_mailing_queue_ids":[],"_links":{"self":[{"href":"https:\/\/agora.xtec.cat\/escjoanardevol\/wp-json\/wp\/v2\/posts\/4678","targetHints":{"allow":["GET"]}}],"collection":[{"href":"https:\/\/agora.xtec.cat\/escjoanardevol\/wp-json\/wp\/v2\/posts"}],"about":[{"href":"https:\/\/agora.xtec.cat\/escjoanardevol\/wp-json\/wp\/v2\/types\/post"}],"author":[{"embeddable":true,"href":"https:\/\/agora.xtec.cat\/escjoanardevol\/wp-json\/wp\/v2\/users\/1"}],"replies":[{"embeddable":true,"href":"https:\/\/agora.xtec.cat\/escjoanardevol\/wp-json\/wp\/v2\/comments?post=4678"}],"version-history":[{"count":2,"href":"https:\/\/agora.xtec.cat\/escjoanardevol\/wp-json\/wp\/v2\/posts\/4678\/revisions"}],"predecessor-version":[{"id":4682,"href":"https:\/\/agora.xtec.cat\/escjoanardevol\/wp-json\/wp\/v2\/posts\/4678\/revisions\/4682"}],"wp:featuredmedia":[{"embeddable":true,"href":"https:\/\/agora.xtec.cat\/escjoanardevol\/wp-json\/wp\/v2\/media\/4680"}],"wp:attachment":[{"href":"https:\/\/agora.xtec.cat\/escjoanardevol\/wp-json\/wp\/v2\/media?parent=4678"}],"wp:term":[{"taxonomy":"category","embeddable":true,"href":"https:\/\/agora.xtec.cat\/escjoanardevol\/wp-json\/wp\/v2\/categories?post=4678"},{"taxonomy":"post_tag","embeddable":true,"href":"https:\/\/agora.xtec.cat\/escjoanardevol\/wp-json\/wp\/v2\/tags?post=4678"}],"curies":[{"name":"wp","href":"https:\/\/api.w.org\/{rel}","templated":true}]}}