{"id":467,"date":"2011-05-11T11:10:39","date_gmt":"2011-05-11T11:10:39","guid":{"rendered":"http:\/\/joanardevol.org\/primaria\/?p=443"},"modified":"2011-05-11T11:10:39","modified_gmt":"2011-05-11T11:10:39","slug":"sortida-a-mont-roig","status":"publish","type":"post","link":"https:\/\/agora.xtec.cat\/escjoanardevol\/general\/sortida-a-mont-roig\/","title":{"rendered":"Sortida a Mont-roig"},"content":{"rendered":"<p><a href=\"http:\/\/joanardevol.org\/primaria\/wp-content\/uploads\/2011\/05\/IMG_0009.jpg\"><img loading=\"lazy\" decoding=\"async\" class=\"alignleft size-medium wp-image-445\" title=\"IMG_0009\" src=\"http:\/\/joanardevol.org\/primaria\/wp-content\/uploads\/2011\/05\/IMG_0009-300x225.jpg\" alt=\"\" width=\"300\" height=\"225\" \/><\/a>Divendres 28 d\u2019abril els alumnes de 5\u00e8 vam realitzar una sortida a Mont-roig per observar l\u2019entorn i aprendre a prevenir incendis. Vam plantar arbres a una zona que es va cremar fa uns anys i vam alliberar codornius. Tamb\u00e9 vam descobrir caus de conills i fins i tot, vam poder veure una \u00e0liga buscant aliment. En M\u00e0rius ens va explicar coses molt interessants i s\u2019ho vam passar d\u2019all\u00f2 m\u00e9s b\u00e9!<\/p>\n<p><a href=\"http:\/\/joanardevol.org\/primaria\/wp-content\/uploads\/2011\/05\/IMG_0029.jpg\"><img loading=\"lazy\" decoding=\"async\" class=\"alignleft size-thumbnail wp-image-446\" title=\"IMG_0029\" src=\"http:\/\/joanardevol.org\/primaria\/wp-content\/uploads\/2011\/05\/IMG_0029-150x150.jpg\" alt=\"\" width=\"150\" height=\"150\" \/><\/a><a href=\"http:\/\/joanardevol.org\/primaria\/wp-content\/uploads\/2011\/05\/IMG_00461.jpg\"><img loading=\"lazy\" decoding=\"async\" class=\"alignnone size-thumbnail wp-image-448 alignleft\" title=\"IMG_0046\" src=\"http:\/\/joanardevol.org\/primaria\/wp-content\/uploads\/2011\/05\/IMG_00461-150x150.jpg\" alt=\"\" width=\"150\" height=\"150\" \/><\/a><a href=\"http:\/\/joanardevol.org\/primaria\/wp-content\/uploads\/2011\/05\/IMG_0049.jpg\"><img loading=\"lazy\" decoding=\"async\" class=\"alignnone size-thumbnail wp-image-449\" title=\"IMG_0049\" src=\"http:\/\/joanardevol.org\/primaria\/wp-content\/uploads\/2011\/05\/IMG_0049-150x150.jpg\" alt=\"\" width=\"150\" height=\"150\" \/><\/a><\/p>\n","protected":false},"excerpt":{"rendered":"<p>Divendres 28 d\u2019abril els alumnes de 5\u00e8 vam realitzar una sortida a Mont-roig per observar l\u2019entorn i aprendre a prevenir incendis. Vam plantar arbres a una zona que es va cremar fa uns anys i vam alliberar codornius. Tamb\u00e9 vam &#8230; <a href=\"http:\/\/joanardevol.org\/primaria\/?p=443\">Continua llegint <span>&#8594;<\/span><\/a>&hellip;  <a href=\"https:\/\/agora.xtec.cat\/escjoanardevol\/general\/sortida-a-mont-roig\/\" title=\"Read Sortida a Mont-roig\">Llegeix m\u00e9s\u00bb<\/a><\/p>\n","protected":false},"author":1,"featured_media":0,"comment_status":"open","ping_status":"closed","sticky":false,"template":"","format":"standard","meta":{"_bbp_topic_count":0,"_bbp_reply_count":0,"_bbp_total_topic_count":0,"_bbp_total_reply_count":0,"_bbp_voice_count":0,"_bbp_anonymous_reply_count":0,"_bbp_topic_count_hidden":0,"_bbp_reply_count_hidden":0,"_bbp_forum_subforum_count":0,"footnotes":""},"categories":[1],"tags":[77],"class_list":["post-467","post","type-post","status-publish","format-standard","hentry","category-general","tag-cicle-superior-2"],"post_mailing_queue_ids":[],"_links":{"self":[{"href":"https:\/\/agora.xtec.cat\/escjoanardevol\/wp-json\/wp\/v2\/posts\/467","targetHints":{"allow":["GET"]}}],"collection":[{"href":"https:\/\/agora.xtec.cat\/escjoanardevol\/wp-json\/wp\/v2\/posts"}],"about":[{"href":"https:\/\/agora.xtec.cat\/escjoanardevol\/wp-json\/wp\/v2\/types\/post"}],"author":[{"embeddable":true,"href":"https:\/\/agora.xtec.cat\/escjoanardevol\/wp-json\/wp\/v2\/users\/1"}],"replies":[{"embeddable":true,"href":"https:\/\/agora.xtec.cat\/escjoanardevol\/wp-json\/wp\/v2\/comments?post=467"}],"version-history":[{"count":0,"href":"https:\/\/agora.xtec.cat\/escjoanardevol\/wp-json\/wp\/v2\/posts\/467\/revisions"}],"wp:attachment":[{"href":"https:\/\/agora.xtec.cat\/escjoanardevol\/wp-json\/wp\/v2\/media?parent=467"}],"wp:term":[{"taxonomy":"category","embeddable":true,"href":"https:\/\/agora.xtec.cat\/escjoanardevol\/wp-json\/wp\/v2\/categories?post=467"},{"taxonomy":"post_tag","embeddable":true,"href":"https:\/\/agora.xtec.cat\/escjoanardevol\/wp-json\/wp\/v2\/tags?post=467"}],"curies":[{"name":"wp","href":"https:\/\/api.w.org\/{rel}","templated":true}]}}