{"id":466,"date":"2011-05-16T11:38:36","date_gmt":"2011-05-16T11:38:36","guid":{"rendered":"http:\/\/joanardevol.org\/primaria\/?p=457"},"modified":"2011-05-16T11:38:36","modified_gmt":"2011-05-16T11:38:36","slug":"preparats-i-preparades-comenca-el-torneig-de-pati","status":"publish","type":"post","link":"https:\/\/agora.xtec.cat\/escjoanardevol\/general\/preparats-i-preparades-comenca-el-torneig-de-pati\/","title":{"rendered":"PREPARATS I PREPARADES\u2026 COMEN\u00c7A EL TORNEIG DE PATI!"},"content":{"rendered":"<p><a href=\"http:\/\/joanardevol.org\/primaria\/wp-content\/uploads\/2011\/05\/IMG_13711.jpg\"><img loading=\"lazy\" decoding=\"async\" class=\"aligncenter size-medium wp-image-464\" title=\"IMG_1371\" src=\"http:\/\/joanardevol.org\/primaria\/wp-content\/uploads\/2011\/05\/IMG_13711-300x225.jpg\" alt=\"\" width=\"300\" height=\"225\" \/><\/a><\/p>\n<p>Despr\u00e9s de la celebraci\u00f3 del torneig de pati del Cicle Superior, on cal felicitar des d\u00b4 aqu\u00ed als \u201cLAKERS\u201d de 5\u00e9 per la seva ajustada vict\u00f2ria a la final, arriba el torn dels nens i les nenes del Cicle Mitj\u00e0.<\/p>\n<p><a href=\"http:\/\/joanardevol.org\/primaria\/wp-content\/uploads\/2011\/05\/IMG_1373.jpg\"><img loading=\"lazy\" decoding=\"async\" class=\"alignleft size-medium wp-image-465\" title=\"IMG_1373\" src=\"http:\/\/joanardevol.org\/primaria\/wp-content\/uploads\/2011\/05\/IMG_1373-300x225.jpg\" alt=\"Jugant a Kinball\" width=\"300\" height=\"225\" \/><\/a>En aquesta ocasi\u00f3 ser\u00e0 el Kinball l\u00b4 esport protagonista, per a la pr\u00e0ctica del qual nens i nenes sumen esfor\u00e7os i estrat\u00e8gies per tal de traure la millor puntuaci\u00f3.<\/p>\n<p>&nbsp;<\/p>\n<p>&nbsp;<\/p>\n<p>&nbsp;<\/p>\n<p>Si esteu interessats\/des en con\u00e8ixer aquest esport no us perdeu aquesta presentaci\u00f3:<\/p>\n<div id=\"__ss_1321128\" style=\"width: 425px;\"><strong style=\"display: block; margin: 12px 0 4px;\"><a title=\"Kinball\" href=\"http:\/\/www.slideshare.net\/joanlleonart\/kinball\">Kinball<\/a><\/strong>&nbsp;<\/p>\n<div style=\"padding: 5px 0 12px;\">View more <a href=\"http:\/\/www.slideshare.net\/\">presentations<\/a> from <a href=\"http:\/\/www.slideshare.net\/joanlleonart\">joanlleonart<\/a><\/div>\n<\/div>\n<p>&nbsp;<\/p>\n<div id=\"__ss_1321128\" style=\"width: 425px;\">\n<p>&nbsp;<\/p>\n<\/div>\n<p>&nbsp;<\/p>\n<p><a href=\"http:\/\/joanardevol.org\/primaria\/wp-content\/uploads\/2011\/05\/IMG_1371.jpg\"><br \/>\n<\/a><\/p>\n","protected":false},"excerpt":{"rendered":"<p>Despr\u00e9s de la celebraci\u00f3 del torneig de pati del Cicle Superior, on cal felicitar des d\u00b4 aqu\u00ed als \u201cLAKERS\u201d de 5\u00e9 per la seva ajustada vict\u00f2ria a la final, arriba el torn dels nens i les nenes del Cicle Mitj\u00e0. &#8230; <a href=\"http:\/\/joanardevol.org\/primaria\/?p=457\">Continua llegint <span>&#8594;<\/span><\/a>&hellip;  <a href=\"https:\/\/agora.xtec.cat\/escjoanardevol\/general\/preparats-i-preparades-comenca-el-torneig-de-pati\/\" title=\"Read PREPARATS I PREPARADES\u2026 COMEN\u00c7A EL TORNEIG DE PATI!\">Llegeix m\u00e9s\u00bb<\/a><\/p>\n","protected":false},"author":1,"featured_media":0,"comment_status":"open","ping_status":"closed","sticky":false,"template":"","format":"standard","meta":{"_bbp_topic_count":0,"_bbp_reply_count":0,"_bbp_total_topic_count":0,"_bbp_total_reply_count":0,"_bbp_voice_count":0,"_bbp_anonymous_reply_count":0,"_bbp_topic_count_hidden":0,"_bbp_reply_count_hidden":0,"_bbp_forum_subforum_count":0,"footnotes":""},"categories":[1],"tags":[94,102,187],"class_list":["post-466","post","type-post","status-publish","format-standard","hentry","category-general","tag-cooperacio","tag-educacio-fisica-2","tag-valors"],"post_mailing_queue_ids":[],"_links":{"self":[{"href":"https:\/\/agora.xtec.cat\/escjoanardevol\/wp-json\/wp\/v2\/posts\/466","targetHints":{"allow":["GET"]}}],"collection":[{"href":"https:\/\/agora.xtec.cat\/escjoanardevol\/wp-json\/wp\/v2\/posts"}],"about":[{"href":"https:\/\/agora.xtec.cat\/escjoanardevol\/wp-json\/wp\/v2\/types\/post"}],"author":[{"embeddable":true,"href":"https:\/\/agora.xtec.cat\/escjoanardevol\/wp-json\/wp\/v2\/users\/1"}],"replies":[{"embeddable":true,"href":"https:\/\/agora.xtec.cat\/escjoanardevol\/wp-json\/wp\/v2\/comments?post=466"}],"version-history":[{"count":0,"href":"https:\/\/agora.xtec.cat\/escjoanardevol\/wp-json\/wp\/v2\/posts\/466\/revisions"}],"wp:attachment":[{"href":"https:\/\/agora.xtec.cat\/escjoanardevol\/wp-json\/wp\/v2\/media?parent=466"}],"wp:term":[{"taxonomy":"category","embeddable":true,"href":"https:\/\/agora.xtec.cat\/escjoanardevol\/wp-json\/wp\/v2\/categories?post=466"},{"taxonomy":"post_tag","embeddable":true,"href":"https:\/\/agora.xtec.cat\/escjoanardevol\/wp-json\/wp\/v2\/tags?post=466"}],"curies":[{"name":"wp","href":"https:\/\/api.w.org\/{rel}","templated":true}]}}