{"id":4642,"date":"2017-05-15T08:55:03","date_gmt":"2017-05-15T06:55:03","guid":{"rendered":"http:\/\/agora.xtec.cat\/escjoanardevol\/?p=4642"},"modified":"2017-05-15T08:55:03","modified_gmt":"2017-05-15T06:55:03","slug":"el-tresor-del-drac-a-cicle-inicial","status":"publish","type":"post","link":"https:\/\/agora.xtec.cat\/escjoanardevol\/portada\/el-tresor-del-drac-a-cicle-inicial\/","title":{"rendered":"El tresor del drac a Cicle Inicial"},"content":{"rendered":"<p>Els alumnes de primer i de segon hem tingut la sort de poder gaudir d\u2019una gran artista i contacontes que es\u00a0 diu S\u00edlvia. Ens ha explicat una hist\u00f2ria titulada \u201cEl tresor del drac\u201d. \u00c9s una hist\u00f2ria on est\u00e0 present la no-viol\u00e8ncia; on la princesa esdev\u00e9\u00a0 cavaller i salva el tresor del seu pare. La S\u00edlvia, d\u2019una manera teatral i creativa, ha sigut capa\u00e7 de captivar la nostra atenci\u00f3 i de fer-nos participar en l\u2019obra. Ha estat una activitat divertida, explicada amb molta delicadesa i sensibilitat. Volem que torni a venir!<\/p>\n<p><a href=\"https:\/\/goo.gl\/photos\/nFHQEDSbdmUJjouG8\" target=\"_blank\"><img loading=\"lazy\" decoding=\"async\" class=\"alignnone wp-image-4643 size-medium\" src=\"http:\/\/agora.xtec.cat\/escjoanardevol\/wp-content\/uploads\/usu550\/2017\/05\/IMG_0097-c\u00f2pia-300x225.jpg\" alt=\"IMG_0097 - c\u00f2pia\" width=\"300\" height=\"225\" srcset=\"https:\/\/agora.xtec.cat\/escjoanardevol\/wp-content\/uploads\/usu550\/2017\/05\/IMG_0097-c\u00f2pia-300x225.jpg 300w, https:\/\/agora.xtec.cat\/escjoanardevol\/wp-content\/uploads\/usu550\/2017\/05\/IMG_0097-c\u00f2pia-768x576.jpg 768w, https:\/\/agora.xtec.cat\/escjoanardevol\/wp-content\/uploads\/usu550\/2017\/05\/IMG_0097-c\u00f2pia-1024x768.jpg 1024w, https:\/\/agora.xtec.cat\/escjoanardevol\/wp-content\/uploads\/usu550\/2017\/05\/IMG_0097-c\u00f2pia-200x150.jpg 200w, https:\/\/agora.xtec.cat\/escjoanardevol\/wp-content\/uploads\/usu550\/2017\/05\/IMG_0097-c\u00f2pia.jpg 1288w\" sizes=\"auto, (max-width: 300px) 100vw, 300px\" \/><\/a><\/p>\n","protected":false},"excerpt":{"rendered":"<p>Els alumnes de primer i de segon hem tingut la sort de poder gaudir d\u2019una gran artista i contacontes que es\u00a0 diu S\u00edlvia. Ens ha explicat una hist\u00f2ria titulada \u201cEl tresor del drac\u201d. \u00c9s una hist\u00f2ria on est\u00e0 present la no-viol\u00e8ncia; on la princesa esdev\u00e9\u00a0&hellip;  <a href=\"https:\/\/agora.xtec.cat\/escjoanardevol\/portada\/el-tresor-del-drac-a-cicle-inicial\/\" title=\"Read El tresor del drac a Cicle Inicial\">Llegeix m\u00e9s\u00bb<\/a><\/p>\n","protected":false},"author":1,"featured_media":4643,"comment_status":"closed","ping_status":"open","sticky":false,"template":"","format":"standard","meta":{"_bbp_topic_count":0,"_bbp_reply_count":0,"_bbp_total_topic_count":0,"_bbp_total_reply_count":0,"_bbp_voice_count":0,"_bbp_anonymous_reply_count":0,"_bbp_topic_count_hidden":0,"_bbp_reply_count_hidden":0,"_bbp_forum_subforum_count":0,"footnotes":""},"categories":[10,11,4,5],"tags":[59,75,130,133,187],"class_list":["post-4642","post","type-post","status-publish","format-standard","has-post-thumbnail","hentry","category-1r","category-2n","category-portada","category-primaria","tag-activitats","tag-cicle-inicial","tag-lectura","tag-llibres","tag-valors"],"post_mailing_queue_ids":[],"_links":{"self":[{"href":"https:\/\/agora.xtec.cat\/escjoanardevol\/wp-json\/wp\/v2\/posts\/4642","targetHints":{"allow":["GET"]}}],"collection":[{"href":"https:\/\/agora.xtec.cat\/escjoanardevol\/wp-json\/wp\/v2\/posts"}],"about":[{"href":"https:\/\/agora.xtec.cat\/escjoanardevol\/wp-json\/wp\/v2\/types\/post"}],"author":[{"embeddable":true,"href":"https:\/\/agora.xtec.cat\/escjoanardevol\/wp-json\/wp\/v2\/users\/1"}],"replies":[{"embeddable":true,"href":"https:\/\/agora.xtec.cat\/escjoanardevol\/wp-json\/wp\/v2\/comments?post=4642"}],"version-history":[{"count":1,"href":"https:\/\/agora.xtec.cat\/escjoanardevol\/wp-json\/wp\/v2\/posts\/4642\/revisions"}],"predecessor-version":[{"id":4644,"href":"https:\/\/agora.xtec.cat\/escjoanardevol\/wp-json\/wp\/v2\/posts\/4642\/revisions\/4644"}],"wp:featuredmedia":[{"embeddable":true,"href":"https:\/\/agora.xtec.cat\/escjoanardevol\/wp-json\/wp\/v2\/media\/4643"}],"wp:attachment":[{"href":"https:\/\/agora.xtec.cat\/escjoanardevol\/wp-json\/wp\/v2\/media?parent=4642"}],"wp:term":[{"taxonomy":"category","embeddable":true,"href":"https:\/\/agora.xtec.cat\/escjoanardevol\/wp-json\/wp\/v2\/categories?post=4642"},{"taxonomy":"post_tag","embeddable":true,"href":"https:\/\/agora.xtec.cat\/escjoanardevol\/wp-json\/wp\/v2\/tags?post=4642"}],"curies":[{"name":"wp","href":"https:\/\/api.w.org\/{rel}","templated":true}]}}