{"id":4641,"date":"2017-05-15T11:00:31","date_gmt":"2017-05-15T09:00:31","guid":{"rendered":"http:\/\/agora.xtec.cat\/escjoanardevol\/?p=4641"},"modified":"2017-05-15T17:43:35","modified_gmt":"2017-05-15T15:43:35","slug":"educacio-viaria-a-infantil","status":"publish","type":"post","link":"https:\/\/agora.xtec.cat\/escjoanardevol\/general\/educacio-viaria-a-infantil\/","title":{"rendered":"Educaci\u00f3 vi\u00e0ria a infantil"},"content":{"rendered":"<p>Durant aquesta setmana hem tingut la visita de dos policies a l&#8217;escola, que ens han ensenyat la import\u00e0ncia de la seva feina i com poden ells ajudar a tots els nens i nenes. Per aix\u00f2 \u00e9s molt important que tots sapiguem el nostre nom sencer, i el carrer on vivim. Tamb\u00e9 ens han ensenyat algunes normes d&#8217;educaci\u00f3 vial per tal de moure&#8217;ns correctament pel carrer. I per acabar, el nens i nenes de P5 hem fet un circuit al l&#8217;escola amb bicicleta i patinet tot guiant-nos pels senyals de transit.<\/p>\n<p><a href=\"https:\/\/goo.gl\/photos\/VPU6x26qmgBG34Vm6\" target=\"_blank\"><img loading=\"lazy\" decoding=\"async\" class=\"alignnone wp-image-4645 size-full\" src=\"http:\/\/agora.xtec.cat\/escjoanardevol\/wp-content\/uploads\/usu550\/2017\/05\/Sense-t\u00edtol.png\" alt=\"Sense t\u00edtol\" width=\"810\" height=\"480\" srcset=\"https:\/\/agora.xtec.cat\/escjoanardevol\/wp-content\/uploads\/usu550\/2017\/05\/Sense-t\u00edtol.png 810w, https:\/\/agora.xtec.cat\/escjoanardevol\/wp-content\/uploads\/usu550\/2017\/05\/Sense-t\u00edtol-300x178.png 300w, https:\/\/agora.xtec.cat\/escjoanardevol\/wp-content\/uploads\/usu550\/2017\/05\/Sense-t\u00edtol-768x455.png 768w\" sizes=\"auto, (max-width: 810px) 100vw, 810px\" \/><\/a><\/p>\n<p>&nbsp;<\/p>\n","protected":false},"excerpt":{"rendered":"<p>Durant aquesta setmana hem tingut la visita de dos policies a l&#8217;escola, que ens han ensenyat la import\u00e0ncia de la seva feina i com poden ells ajudar a tots els nens i nenes. Per aix\u00f2 \u00e9s molt important que tots sapiguem el nostre nom sencer,&hellip;  <a href=\"https:\/\/agora.xtec.cat\/escjoanardevol\/general\/educacio-viaria-a-infantil\/\" title=\"Read Educaci\u00f3 vi\u00e0ria a infantil\">Llegeix m\u00e9s\u00bb<\/a><\/p>\n","protected":false},"author":29,"featured_media":4645,"comment_status":"closed","ping_status":"open","sticky":false,"template":"","format":"standard","meta":{"_bbp_topic_count":0,"_bbp_reply_count":0,"_bbp_total_topic_count":0,"_bbp_total_reply_count":0,"_bbp_voice_count":0,"_bbp_anonymous_reply_count":0,"_bbp_topic_count_hidden":0,"_bbp_reply_count_hidden":0,"_bbp_forum_subforum_count":0,"footnotes":""},"categories":[1,2,9,4],"tags":[],"class_list":["post-4641","post","type-post","status-publish","format-standard","has-post-thumbnail","hentry","category-general","category-infantil","category-p5","category-portada"],"post_mailing_queue_ids":[],"_links":{"self":[{"href":"https:\/\/agora.xtec.cat\/escjoanardevol\/wp-json\/wp\/v2\/posts\/4641","targetHints":{"allow":["GET"]}}],"collection":[{"href":"https:\/\/agora.xtec.cat\/escjoanardevol\/wp-json\/wp\/v2\/posts"}],"about":[{"href":"https:\/\/agora.xtec.cat\/escjoanardevol\/wp-json\/wp\/v2\/types\/post"}],"author":[{"embeddable":true,"href":"https:\/\/agora.xtec.cat\/escjoanardevol\/wp-json\/wp\/v2\/users\/29"}],"replies":[{"embeddable":true,"href":"https:\/\/agora.xtec.cat\/escjoanardevol\/wp-json\/wp\/v2\/comments?post=4641"}],"version-history":[{"count":2,"href":"https:\/\/agora.xtec.cat\/escjoanardevol\/wp-json\/wp\/v2\/posts\/4641\/revisions"}],"predecessor-version":[{"id":4647,"href":"https:\/\/agora.xtec.cat\/escjoanardevol\/wp-json\/wp\/v2\/posts\/4641\/revisions\/4647"}],"wp:featuredmedia":[{"embeddable":true,"href":"https:\/\/agora.xtec.cat\/escjoanardevol\/wp-json\/wp\/v2\/media\/4645"}],"wp:attachment":[{"href":"https:\/\/agora.xtec.cat\/escjoanardevol\/wp-json\/wp\/v2\/media?parent=4641"}],"wp:term":[{"taxonomy":"category","embeddable":true,"href":"https:\/\/agora.xtec.cat\/escjoanardevol\/wp-json\/wp\/v2\/categories?post=4641"},{"taxonomy":"post_tag","embeddable":true,"href":"https:\/\/agora.xtec.cat\/escjoanardevol\/wp-json\/wp\/v2\/tags?post=4641"}],"curies":[{"name":"wp","href":"https:\/\/api.w.org\/{rel}","templated":true}]}}