{"id":4615,"date":"2017-05-10T13:23:49","date_gmt":"2017-05-10T11:23:49","guid":{"rendered":"http:\/\/agora.xtec.cat\/escjoanardevol\/?p=4615"},"modified":"2017-05-10T15:04:55","modified_gmt":"2017-05-10T13:04:55","slug":"marato-de-donacio-de-sang-2017","status":"publish","type":"post","link":"https:\/\/agora.xtec.cat\/escjoanardevol\/general\/marato-de-donacio-de-sang-2017\/","title":{"rendered":"Marat\u00f3 de donaci\u00f3 de Sang 2017"},"content":{"rendered":"<p><img decoding=\"async\" src=\"http:\/\/www.donarsang.gencat.cat\/media\/comu\/logo_bst.gif\" alt=\"\" \/><br \/>\nEls alumnes de 4rt hem col\u00b7laborat amb la campanya de donaci\u00f3 de sang que s&#8217;ha dut a terme a Cambrils el 10 de maig de 2017. Despr\u00e9s de diverses activitats a l&#8217;aula per con\u00e8ixer i conscienciar sobre la donaci\u00f3 de sang i la seva import\u00e0ncia, hem anat al Pavell\u00f3 d&#8217;esports per col\u00b7laborar directament en la campanya de donaci\u00f3.<br \/>\nHem fet activitats diverses com ajudar els voluntaris que repartien el refrigeri, con\u00e8ixer de primera m\u00e0 el proc\u00e9s de donaci\u00f3, informar la gent del poble perqu\u00e8 s&#8217;animi a realitzar una donaci\u00f3, i hem jugat a uns jocs sobre la donaci\u00f3 de sang.<\/p>\n<p><a href=\"https:\/\/goo.gl\/photos\/9VwDGehR4pW6oF5m8\" target=\"_blank\">\u00c0lbum de fotos<\/a><\/p>\n<p><a href=\"https:\/\/goo.gl\/photos\/9VwDGehR4pW6oF5m8\" target=\"_blank\"><img loading=\"lazy\" decoding=\"async\" class=\"alignnone\" src=\"https:\/\/lh3.googleusercontent.com\/K868KMiO4xtUNqx5WJXMiY2ZE_eWghxcw8m6P5KsMzQaQrtdNgUNRiQc8FgOu4rruEg00_J-gRtUOIRtGst2Iat4GJEKa0RnCnBGNk7a_cC_r__8Am6wYBySv9wsc8lMzMUBaiYQB5Idb17io6Z1eZilXSdz8IRTk2HgyZyvQduZ9u0yZy6dc5EbJ1_quErJXfUHdBA81N9o8NKXl_-7w0_ClTADgB5HM7Ak_G-SFxfSIa-ovJ79_4gVlvEe_NWGqf9A56ZdCXFIq01WSl5ATk01XQ1v-kw2oZgtssAdBKjQKl7JxFta9FuEDbGG2i9VG5lkHdW-6llN91N5pc37LlBoidcQiBX-nPQKzWScNlwF1ljv87EcRUKVOJTil861tu-iwAduL2yZLw9Y-_LFMZph9bB2BZczvGvf0ZZs8fn7j0WgiXImVOPNPeJN2U6hvG2EGcSmnTEOi1Y81ahKbp1Yg3jEbeu1bvadU9J-VfLnvkyMoncyKpH0txdD6jNM6-IEIWY4fwG7i4l2doUCwcguQkh9rpEXZoKJEvIRb9d2oAjDgaR8WlGGMMhEKkRJFHh4jkEKIYhAWn_nEJCWD_esJ7ueGDvoosofwBSdTaF3bjZu5znM4UDgEMmYyxgK-wcyfZ0V7SSN2JmS1dzvp35qx6MJDf8CejJIUV_eSA=w1080-h810-no\" width=\"300\" height=\"225\" \/><\/a><\/p>\n","protected":false},"excerpt":{"rendered":"<p>Els alumnes de 4rt hem col\u00b7laborat amb la campanya de donaci\u00f3 de sang que s&#8217;ha dut a terme a Cambrils el 10 de maig de 2017. Despr\u00e9s de diverses activitats a l&#8217;aula per con\u00e8ixer i conscienciar sobre la donaci\u00f3 de sang i la seva import\u00e0ncia,&hellip;  <a href=\"https:\/\/agora.xtec.cat\/escjoanardevol\/general\/marato-de-donacio-de-sang-2017\/\" title=\"Read Marat\u00f3 de donaci\u00f3 de Sang 2017\">Llegeix m\u00e9s\u00bb<\/a><\/p>\n","protected":false},"author":28,"featured_media":4621,"comment_status":"closed","ping_status":"open","sticky":false,"template":"","format":"standard","meta":{"_bbp_topic_count":0,"_bbp_reply_count":0,"_bbp_total_topic_count":0,"_bbp_total_reply_count":0,"_bbp_voice_count":0,"_bbp_anonymous_reply_count":0,"_bbp_topic_count_hidden":0,"_bbp_reply_count_hidden":0,"_bbp_forum_subforum_count":0,"footnotes":""},"categories":[13,1,4,5],"tags":[],"class_list":["post-4615","post","type-post","status-publish","format-standard","has-post-thumbnail","hentry","category-4t","category-general","category-portada","category-primaria"],"post_mailing_queue_ids":[],"_links":{"self":[{"href":"https:\/\/agora.xtec.cat\/escjoanardevol\/wp-json\/wp\/v2\/posts\/4615","targetHints":{"allow":["GET"]}}],"collection":[{"href":"https:\/\/agora.xtec.cat\/escjoanardevol\/wp-json\/wp\/v2\/posts"}],"about":[{"href":"https:\/\/agora.xtec.cat\/escjoanardevol\/wp-json\/wp\/v2\/types\/post"}],"author":[{"embeddable":true,"href":"https:\/\/agora.xtec.cat\/escjoanardevol\/wp-json\/wp\/v2\/users\/28"}],"replies":[{"embeddable":true,"href":"https:\/\/agora.xtec.cat\/escjoanardevol\/wp-json\/wp\/v2\/comments?post=4615"}],"version-history":[{"count":4,"href":"https:\/\/agora.xtec.cat\/escjoanardevol\/wp-json\/wp\/v2\/posts\/4615\/revisions"}],"predecessor-version":[{"id":4623,"href":"https:\/\/agora.xtec.cat\/escjoanardevol\/wp-json\/wp\/v2\/posts\/4615\/revisions\/4623"}],"wp:featuredmedia":[{"embeddable":true,"href":"https:\/\/agora.xtec.cat\/escjoanardevol\/wp-json\/wp\/v2\/media\/4621"}],"wp:attachment":[{"href":"https:\/\/agora.xtec.cat\/escjoanardevol\/wp-json\/wp\/v2\/media?parent=4615"}],"wp:term":[{"taxonomy":"category","embeddable":true,"href":"https:\/\/agora.xtec.cat\/escjoanardevol\/wp-json\/wp\/v2\/categories?post=4615"},{"taxonomy":"post_tag","embeddable":true,"href":"https:\/\/agora.xtec.cat\/escjoanardevol\/wp-json\/wp\/v2\/tags?post=4615"}],"curies":[{"name":"wp","href":"https:\/\/api.w.org\/{rel}","templated":true}]}}