{"id":4611,"date":"2017-05-10T14:40:27","date_gmt":"2017-05-10T12:40:27","guid":{"rendered":"http:\/\/agora.xtec.cat\/escjoanardevol\/?p=4611"},"modified":"2017-05-15T17:45:35","modified_gmt":"2017-05-15T15:45:35","slug":"la-blancaneus-a-lescola-de-musica","status":"publish","type":"post","link":"https:\/\/agora.xtec.cat\/escjoanardevol\/general\/la-blancaneus-a-lescola-de-musica\/","title":{"rendered":"La Blancaneus a l&#8217;Escola de m\u00fasica"},"content":{"rendered":"<p>Els nens i nenes de P4 i P5 hem anat a l&#8217;Escola municipal de m\u00fasica de Cambrils\u00a0a veure una interpretaci\u00f3\u00a0musical del conte de la Blancaneus, que ens van oferir els professors de l&#8217;escola \u00a0de m\u00fasica. Vam cantar les can\u00e7ons del conte acompanyats per una guitarra, un piano, una flauta travessera i una viola. I ens van ensenyar els seus instruments, com es toquen, de quina fam\u00edlia s\u00f3n, i perqu\u00e8 tenen la forma que tenen.<a href=\"https:\/\/goo.gl\/photos\/9bpWqe9VCW8UpG9m8\" target=\"_blank\"><img loading=\"lazy\" decoding=\"async\" class=\"alignnone wp-image-4612 size-large\" src=\"http:\/\/agora.xtec.cat\/escjoanardevol\/wp-content\/uploads\/usu550\/2017\/05\/IMG_20170509_110605-1024x768.jpg\" alt=\"IMG_20170509_110605\" width=\"1024\" height=\"768\" srcset=\"https:\/\/agora.xtec.cat\/escjoanardevol\/wp-content\/uploads\/usu550\/2017\/05\/IMG_20170509_110605-1024x768.jpg 1024w, https:\/\/agora.xtec.cat\/escjoanardevol\/wp-content\/uploads\/usu550\/2017\/05\/IMG_20170509_110605-300x225.jpg 300w, https:\/\/agora.xtec.cat\/escjoanardevol\/wp-content\/uploads\/usu550\/2017\/05\/IMG_20170509_110605-768x576.jpg 768w, https:\/\/agora.xtec.cat\/escjoanardevol\/wp-content\/uploads\/usu550\/2017\/05\/IMG_20170509_110605-200x150.jpg 200w\" sizes=\"auto, (max-width: 1024px) 100vw, 1024px\" \/><\/a><\/p>\n","protected":false},"excerpt":{"rendered":"<p>Els nens i nenes de P4 i P5 hem anat a l&#8217;Escola municipal de m\u00fasica de Cambrils\u00a0a veure una interpretaci\u00f3\u00a0musical del conte de la Blancaneus, que ens van oferir els professors de l&#8217;escola \u00a0de m\u00fasica. Vam cantar les can\u00e7ons del conte acompanyats per una guitarra,&hellip;  <a href=\"https:\/\/agora.xtec.cat\/escjoanardevol\/general\/la-blancaneus-a-lescola-de-musica\/\" title=\"Read La Blancaneus a l&#8217;Escola de m\u00fasica\">Llegeix m\u00e9s\u00bb<\/a><\/p>\n","protected":false},"author":29,"featured_media":4612,"comment_status":"closed","ping_status":"open","sticky":false,"template":"","format":"standard","meta":{"_bbp_topic_count":0,"_bbp_reply_count":0,"_bbp_total_topic_count":0,"_bbp_total_reply_count":0,"_bbp_voice_count":0,"_bbp_anonymous_reply_count":0,"_bbp_topic_count_hidden":0,"_bbp_reply_count_hidden":0,"_bbp_forum_subforum_count":0,"footnotes":""},"categories":[1,2,9,4],"tags":[],"class_list":["post-4611","post","type-post","status-publish","format-standard","has-post-thumbnail","hentry","category-general","category-infantil","category-p5","category-portada"],"post_mailing_queue_ids":[],"_links":{"self":[{"href":"https:\/\/agora.xtec.cat\/escjoanardevol\/wp-json\/wp\/v2\/posts\/4611","targetHints":{"allow":["GET"]}}],"collection":[{"href":"https:\/\/agora.xtec.cat\/escjoanardevol\/wp-json\/wp\/v2\/posts"}],"about":[{"href":"https:\/\/agora.xtec.cat\/escjoanardevol\/wp-json\/wp\/v2\/types\/post"}],"author":[{"embeddable":true,"href":"https:\/\/agora.xtec.cat\/escjoanardevol\/wp-json\/wp\/v2\/users\/29"}],"replies":[{"embeddable":true,"href":"https:\/\/agora.xtec.cat\/escjoanardevol\/wp-json\/wp\/v2\/comments?post=4611"}],"version-history":[{"count":3,"href":"https:\/\/agora.xtec.cat\/escjoanardevol\/wp-json\/wp\/v2\/posts\/4611\/revisions"}],"predecessor-version":[{"id":4649,"href":"https:\/\/agora.xtec.cat\/escjoanardevol\/wp-json\/wp\/v2\/posts\/4611\/revisions\/4649"}],"wp:featuredmedia":[{"embeddable":true,"href":"https:\/\/agora.xtec.cat\/escjoanardevol\/wp-json\/wp\/v2\/media\/4612"}],"wp:attachment":[{"href":"https:\/\/agora.xtec.cat\/escjoanardevol\/wp-json\/wp\/v2\/media?parent=4611"}],"wp:term":[{"taxonomy":"category","embeddable":true,"href":"https:\/\/agora.xtec.cat\/escjoanardevol\/wp-json\/wp\/v2\/categories?post=4611"},{"taxonomy":"post_tag","embeddable":true,"href":"https:\/\/agora.xtec.cat\/escjoanardevol\/wp-json\/wp\/v2\/tags?post=4611"}],"curies":[{"name":"wp","href":"https:\/\/api.w.org\/{rel}","templated":true}]}}