{"id":4607,"date":"2017-05-09T14:34:36","date_gmt":"2017-05-09T12:34:36","guid":{"rendered":"http:\/\/agora.xtec.cat\/escjoanardevol\/?p=4607"},"modified":"2017-05-09T17:45:01","modified_gmt":"2017-05-09T15:45:01","slug":"educacio-viaria-a-2n","status":"publish","type":"post","link":"https:\/\/agora.xtec.cat\/escjoanardevol\/portada\/educacio-viaria-a-2n\/","title":{"rendered":"Educaci\u00f3 vi\u00e0ria a 2n"},"content":{"rendered":"<p>Els dies 4, 5 i 8 de maig els alumnes de <strong>segon de Cicle Inicial<\/strong>, hem rebut la visita a l\u2019escola dels Policies Locals. El dijous 4 i el divendres 5 al mat\u00ed, van venir a la nostra aula per tal de tractar el tema de seguretat a la via p\u00fablica. Mitjan\u00e7ant una conversa, la visualitzaci\u00f3 d\u2019un v\u00eddeo i la realitzaci\u00f3 d\u2019una fitxa vam aprendre els fonaments per poder circular com a vianants de manera segura.<\/p>\n<p>Posteriorment, les tardes del divendres 5 i del dilluns 8, vam fer una sortida a peu per tal de posar en pr\u00e0ctica tot el que hav\u00edem vist i parlat a les sessions a l\u2019aula.<\/p>\n<p>Ha estat una activitat motivadora i molt \u00fatil per tal de fer-nos adonar de la quantitat de perills que hi ha en sortir al carrer i de com podem minimitzar-los.<\/p>\n<p><a href=\"https:\/\/goo.gl\/photos\/42W3WT6Z3juUPbss6\" target=\"_blank\"><img loading=\"lazy\" decoding=\"async\" class=\"alignnone wp-image-4608 size-medium\" src=\"http:\/\/agora.xtec.cat\/escjoanardevol\/wp-content\/uploads\/usu550\/2017\/05\/IMG_0062-c\u00f2pia-300x225.jpg\" alt=\"IMG_0062 - c\u00f2pia\" width=\"300\" height=\"225\" srcset=\"https:\/\/agora.xtec.cat\/escjoanardevol\/wp-content\/uploads\/usu550\/2017\/05\/IMG_0062-c\u00f2pia-300x225.jpg 300w, https:\/\/agora.xtec.cat\/escjoanardevol\/wp-content\/uploads\/usu550\/2017\/05\/IMG_0062-c\u00f2pia-768x576.jpg 768w, https:\/\/agora.xtec.cat\/escjoanardevol\/wp-content\/uploads\/usu550\/2017\/05\/IMG_0062-c\u00f2pia-1024x768.jpg 1024w, https:\/\/agora.xtec.cat\/escjoanardevol\/wp-content\/uploads\/usu550\/2017\/05\/IMG_0062-c\u00f2pia-200x150.jpg 200w, https:\/\/agora.xtec.cat\/escjoanardevol\/wp-content\/uploads\/usu550\/2017\/05\/IMG_0062-c\u00f2pia.jpg 1288w\" sizes=\"auto, (max-width: 300px) 100vw, 300px\" \/><\/a><\/p>\n","protected":false},"excerpt":{"rendered":"<p>Els dies 4, 5 i 8 de maig els alumnes de segon de Cicle Inicial, hem rebut la visita a l\u2019escola dels Policies Locals. El dijous 4 i el divendres 5 al mat\u00ed, van venir a la nostra aula per tal de tractar el tema&hellip;  <a href=\"https:\/\/agora.xtec.cat\/escjoanardevol\/portada\/educacio-viaria-a-2n\/\" title=\"Read Educaci\u00f3 vi\u00e0ria a 2n\">Llegeix m\u00e9s\u00bb<\/a><\/p>\n","protected":false},"author":1,"featured_media":4608,"comment_status":"closed","ping_status":"open","sticky":false,"template":"","format":"standard","meta":{"_bbp_topic_count":0,"_bbp_reply_count":0,"_bbp_total_topic_count":0,"_bbp_total_reply_count":0,"_bbp_voice_count":0,"_bbp_anonymous_reply_count":0,"_bbp_topic_count_hidden":0,"_bbp_reply_count_hidden":0,"_bbp_forum_subforum_count":0,"footnotes":""},"categories":[11,4,5],"tags":[59,75,94,16],"class_list":["post-4607","post","type-post","status-publish","format-standard","has-post-thumbnail","hentry","category-2n","category-portada","category-primaria","tag-activitats","tag-cicle-inicial","tag-cooperacio","tag-sortides"],"post_mailing_queue_ids":[],"_links":{"self":[{"href":"https:\/\/agora.xtec.cat\/escjoanardevol\/wp-json\/wp\/v2\/posts\/4607","targetHints":{"allow":["GET"]}}],"collection":[{"href":"https:\/\/agora.xtec.cat\/escjoanardevol\/wp-json\/wp\/v2\/posts"}],"about":[{"href":"https:\/\/agora.xtec.cat\/escjoanardevol\/wp-json\/wp\/v2\/types\/post"}],"author":[{"embeddable":true,"href":"https:\/\/agora.xtec.cat\/escjoanardevol\/wp-json\/wp\/v2\/users\/1"}],"replies":[{"embeddable":true,"href":"https:\/\/agora.xtec.cat\/escjoanardevol\/wp-json\/wp\/v2\/comments?post=4607"}],"version-history":[{"count":1,"href":"https:\/\/agora.xtec.cat\/escjoanardevol\/wp-json\/wp\/v2\/posts\/4607\/revisions"}],"predecessor-version":[{"id":4609,"href":"https:\/\/agora.xtec.cat\/escjoanardevol\/wp-json\/wp\/v2\/posts\/4607\/revisions\/4609"}],"wp:featuredmedia":[{"embeddable":true,"href":"https:\/\/agora.xtec.cat\/escjoanardevol\/wp-json\/wp\/v2\/media\/4608"}],"wp:attachment":[{"href":"https:\/\/agora.xtec.cat\/escjoanardevol\/wp-json\/wp\/v2\/media?parent=4607"}],"wp:term":[{"taxonomy":"category","embeddable":true,"href":"https:\/\/agora.xtec.cat\/escjoanardevol\/wp-json\/wp\/v2\/categories?post=4607"},{"taxonomy":"post_tag","embeddable":true,"href":"https:\/\/agora.xtec.cat\/escjoanardevol\/wp-json\/wp\/v2\/tags?post=4607"}],"curies":[{"name":"wp","href":"https:\/\/api.w.org\/{rel}","templated":true}]}}