{"id":4603,"date":"2017-05-09T12:34:02","date_gmt":"2017-05-09T10:34:02","guid":{"rendered":"http:\/\/agora.xtec.cat\/escjoanardevol\/?p=4603"},"modified":"2017-05-09T12:34:30","modified_gmt":"2017-05-09T10:34:30","slug":"la-teva-energia","status":"publish","type":"post","link":"https:\/\/agora.xtec.cat\/escjoanardevol\/portada\/la-teva-energia\/","title":{"rendered":"La teva energia a Cicle Inicial"},"content":{"rendered":"<p>El passat divendres dia 28 d\u2019abril els alumnes de <strong>Cicle Inicial<\/strong> vam participar a una activitat sobre energies renovables. L\u2019activitat es va dur a terme a l\u2019aula Multim\u00e8dia i en diferents horaris per a cada grup. A trav\u00e9s d\u2019uns personatges vam con\u00e8ixer els diferents tipus d\u2019energies renovables existents: solar, e\u00f2lica, hidr\u00e0ulica, biomassa i geot\u00e8rmica. Vam aprendre les difer\u00e8ncies entre energies renovables i no renovables. Al final de l\u2019activitat vam tractar de conscienciar-nos sobre la cura del planeta. Vam anar inflant una pilota que representava el planeta Terra mentre an\u00e0vem donant idees per millorar la vida en ell. Finalment ens vam disposar en cercle i vam fer una promesa de seguir practicant totes les coses que hav\u00edem proposat. En marxar ens van obsequiar amb una motxilla. Va ser una activitat de descoberta del m\u00f3n de l\u2019energia prou interessant.<\/p>\n<p><a href=\"https:\/\/goo.gl\/photos\/ibaxR9nk1SvcgdME8\" target=\"_blank\"><img loading=\"lazy\" decoding=\"async\" class=\"alignnone wp-image-4604 size-medium\" src=\"http:\/\/agora.xtec.cat\/escjoanardevol\/wp-content\/uploads\/usu550\/2017\/05\/IMG_0020-c\u00f2pia-300x225.jpg\" alt=\"IMG_0020 - c\u00f2pia\" width=\"300\" height=\"225\" srcset=\"https:\/\/agora.xtec.cat\/escjoanardevol\/wp-content\/uploads\/usu550\/2017\/05\/IMG_0020-c\u00f2pia-300x225.jpg 300w, https:\/\/agora.xtec.cat\/escjoanardevol\/wp-content\/uploads\/usu550\/2017\/05\/IMG_0020-c\u00f2pia-768x576.jpg 768w, https:\/\/agora.xtec.cat\/escjoanardevol\/wp-content\/uploads\/usu550\/2017\/05\/IMG_0020-c\u00f2pia-1024x768.jpg 1024w, https:\/\/agora.xtec.cat\/escjoanardevol\/wp-content\/uploads\/usu550\/2017\/05\/IMG_0020-c\u00f2pia-200x150.jpg 200w, https:\/\/agora.xtec.cat\/escjoanardevol\/wp-content\/uploads\/usu550\/2017\/05\/IMG_0020-c\u00f2pia.jpg 1288w\" sizes=\"auto, (max-width: 300px) 100vw, 300px\" \/><\/a><\/p>\n","protected":false},"excerpt":{"rendered":"<p>El passat divendres dia 28 d\u2019abril els alumnes de Cicle Inicial vam participar a una activitat sobre energies renovables. L\u2019activitat es va dur a terme a l\u2019aula Multim\u00e8dia i en diferents horaris per a cada grup. A trav\u00e9s d\u2019uns personatges vam con\u00e8ixer els diferents tipus&hellip;  <a href=\"https:\/\/agora.xtec.cat\/escjoanardevol\/portada\/la-teva-energia\/\" title=\"Read La teva energia a Cicle Inicial\">Llegeix m\u00e9s\u00bb<\/a><\/p>\n","protected":false},"author":1,"featured_media":4604,"comment_status":"closed","ping_status":"open","sticky":false,"template":"","format":"standard","meta":{"_bbp_topic_count":0,"_bbp_reply_count":0,"_bbp_total_topic_count":0,"_bbp_total_reply_count":0,"_bbp_voice_count":0,"_bbp_anonymous_reply_count":0,"_bbp_topic_count_hidden":0,"_bbp_reply_count_hidden":0,"_bbp_forum_subforum_count":0,"footnotes":""},"categories":[10,11,4],"tags":[59,75,80,108,140],"class_list":["post-4603","post","type-post","status-publish","format-standard","has-post-thumbnail","hentry","category-1r","category-2n","category-portada","tag-activitats","tag-cicle-inicial","tag-ciencies","tag-escola-verda","tag-medi"],"post_mailing_queue_ids":[],"_links":{"self":[{"href":"https:\/\/agora.xtec.cat\/escjoanardevol\/wp-json\/wp\/v2\/posts\/4603","targetHints":{"allow":["GET"]}}],"collection":[{"href":"https:\/\/agora.xtec.cat\/escjoanardevol\/wp-json\/wp\/v2\/posts"}],"about":[{"href":"https:\/\/agora.xtec.cat\/escjoanardevol\/wp-json\/wp\/v2\/types\/post"}],"author":[{"embeddable":true,"href":"https:\/\/agora.xtec.cat\/escjoanardevol\/wp-json\/wp\/v2\/users\/1"}],"replies":[{"embeddable":true,"href":"https:\/\/agora.xtec.cat\/escjoanardevol\/wp-json\/wp\/v2\/comments?post=4603"}],"version-history":[{"count":2,"href":"https:\/\/agora.xtec.cat\/escjoanardevol\/wp-json\/wp\/v2\/posts\/4603\/revisions"}],"predecessor-version":[{"id":4606,"href":"https:\/\/agora.xtec.cat\/escjoanardevol\/wp-json\/wp\/v2\/posts\/4603\/revisions\/4606"}],"wp:featuredmedia":[{"embeddable":true,"href":"https:\/\/agora.xtec.cat\/escjoanardevol\/wp-json\/wp\/v2\/media\/4604"}],"wp:attachment":[{"href":"https:\/\/agora.xtec.cat\/escjoanardevol\/wp-json\/wp\/v2\/media?parent=4603"}],"wp:term":[{"taxonomy":"category","embeddable":true,"href":"https:\/\/agora.xtec.cat\/escjoanardevol\/wp-json\/wp\/v2\/categories?post=4603"},{"taxonomy":"post_tag","embeddable":true,"href":"https:\/\/agora.xtec.cat\/escjoanardevol\/wp-json\/wp\/v2\/tags?post=4603"}],"curies":[{"name":"wp","href":"https:\/\/api.w.org\/{rel}","templated":true}]}}