{"id":4563,"date":"2017-04-25T08:21:33","date_gmt":"2017-04-25T06:21:33","guid":{"rendered":"http:\/\/agora.xtec.cat\/escjoanardevol\/?p=4563"},"modified":"2017-04-25T10:55:07","modified_gmt":"2017-04-25T08:55:07","slug":"sant-jordi-2017","status":"publish","type":"post","link":"https:\/\/agora.xtec.cat\/escjoanardevol\/infantil\/sant-jordi-2017\/","title":{"rendered":"Sant Jordi 2017"},"content":{"rendered":"<p><a href=\"https:\/\/goo.gl\/photos\/msX84fUoqQg41odv9\" target=\"_blank\">\u00a0<\/a>A l&#8217;escola ens agrada celebrar la diada de Sant Jordi. Tot i que enguany, el dia 23 d&#8217;abril era diumenge, nosaltres vam celebrar-ho igualment, el divendres, 21 d&#8217;abril.<\/p>\n<p><a href=\"https:\/\/goo.gl\/photos\/msX84fUoqQg41odv9\" target=\"_blank\"><img loading=\"lazy\" decoding=\"async\" class=\"wp-image-4564 size-medium alignnone\" src=\"http:\/\/agora.xtec.cat\/escjoanardevol\/wp-content\/uploads\/usu550\/2017\/04\/IMG_5510-c\u00f2pia-300x225.jpg\" alt=\"IMG_5510 - c\u00f2pia\" width=\"300\" height=\"225\" srcset=\"https:\/\/agora.xtec.cat\/escjoanardevol\/wp-content\/uploads\/usu550\/2017\/04\/IMG_5510-c\u00f2pia-300x225.jpg 300w, https:\/\/agora.xtec.cat\/escjoanardevol\/wp-content\/uploads\/usu550\/2017\/04\/IMG_5510-c\u00f2pia-768x576.jpg 768w, https:\/\/agora.xtec.cat\/escjoanardevol\/wp-content\/uploads\/usu550\/2017\/04\/IMG_5510-c\u00f2pia-1024x768.jpg 1024w, https:\/\/agora.xtec.cat\/escjoanardevol\/wp-content\/uploads\/usu550\/2017\/04\/IMG_5510-c\u00f2pia-200x150.jpg 200w, https:\/\/agora.xtec.cat\/escjoanardevol\/wp-content\/uploads\/usu550\/2017\/04\/IMG_5510-c\u00f2pia.jpg 1152w\" sizes=\"auto, (max-width: 300px) 100vw, 300px\" \/><\/a><a href=\"https:\/\/goo.gl\/photos\/msX84fUoqQg41odv9\" target=\"_blank\">\u00a0 <img loading=\"lazy\" decoding=\"async\" class=\"wp-image-4566 size-medium alignnone\" src=\"http:\/\/agora.xtec.cat\/escjoanardevol\/wp-content\/uploads\/usu550\/2017\/04\/IMG_2482-c\u00f2pia-300x225.jpg\" alt=\"IMG_2482 - c\u00f2pia\" width=\"300\" height=\"225\" srcset=\"https:\/\/agora.xtec.cat\/escjoanardevol\/wp-content\/uploads\/usu550\/2017\/04\/IMG_2482-c\u00f2pia-300x225.jpg 300w, https:\/\/agora.xtec.cat\/escjoanardevol\/wp-content\/uploads\/usu550\/2017\/04\/IMG_2482-c\u00f2pia-768x576.jpg 768w, https:\/\/agora.xtec.cat\/escjoanardevol\/wp-content\/uploads\/usu550\/2017\/04\/IMG_2482-c\u00f2pia-1024x768.jpg 1024w, https:\/\/agora.xtec.cat\/escjoanardevol\/wp-content\/uploads\/usu550\/2017\/04\/IMG_2482-c\u00f2pia-200x150.jpg 200w, https:\/\/agora.xtec.cat\/escjoanardevol\/wp-content\/uploads\/usu550\/2017\/04\/IMG_2482-c\u00f2pia.jpg 1288w\" sizes=\"auto, (max-width: 300px) 100vw, 300px\" \/><\/a><\/p>\n<p>Vam fer moltes activitats i molt diverses. Els alumnes d&#8217;infantil vam guarnir l&#8217;entrada de l&#8217;escola, amb una cartellera que representava la llegenda de Sant Jordi i un castell. Tots els alumnes vam fer tallers de poesia i de lectura, dibuixos, i tot tipus de textos. Els alumnes de 5\u00e8 vam fer la representaci\u00f3 a les <strong>Llars d&#8217;Infants La Galereta i Dolors Medina<\/strong>. A les sortides de l&#8217;escola, els alumnes de 6\u00e8 vam fer <strong>venda de llibres i roses<\/strong> per ajudar en les despeses de les col\u00f2nies.<\/p>\n<p>Tamb\u00e9, els alumnes de cicle inicial vam tenir el plaer de gaudir de la representaci\u00f3 de la Llegenda de Sant Jordi dramatitzada per part dels avis de la <strong>resid\u00e8ncia Cambrils Suite<\/strong>. L\u2019activitat es va dur a terme durant la darrera sessi\u00f3 del mat\u00ed. Un total d\u2019onze avis van participar en la representaci\u00f3 de la tan famosa i reconeguda llegenda. Per fer-la m\u00e9s atractiva, van utilitzar atrezzo i titelles elaborats de manera artesana l. Va ser una bonica manera de compartir una festivitat amb persones de la tercera edat. En finalitzar l\u2019acte, es va obsequiar als participants i monitores amb una rosa.<a href=\"https:\/\/goo.gl\/photos\/msX84fUoqQg41odv9\" target=\"_blank\">\u00a0 <\/a><\/p>\n<p><a href=\"https:\/\/goo.gl\/photos\/msX84fUoqQg41odv9\" target=\"_blank\"><img loading=\"lazy\" decoding=\"async\" class=\"alignnone size-medium wp-image-4571\" src=\"http:\/\/agora.xtec.cat\/escjoanardevol\/wp-content\/uploads\/usu550\/2017\/04\/IMG_0003-c\u00f2pia-300x225.jpg\" alt=\"IMG_0003 - c\u00f2pia\" width=\"300\" height=\"225\" srcset=\"https:\/\/agora.xtec.cat\/escjoanardevol\/wp-content\/uploads\/usu550\/2017\/04\/IMG_0003-c\u00f2pia-300x225.jpg 300w, https:\/\/agora.xtec.cat\/escjoanardevol\/wp-content\/uploads\/usu550\/2017\/04\/IMG_0003-c\u00f2pia-768x576.jpg 768w, https:\/\/agora.xtec.cat\/escjoanardevol\/wp-content\/uploads\/usu550\/2017\/04\/IMG_0003-c\u00f2pia-1024x768.jpg 1024w, https:\/\/agora.xtec.cat\/escjoanardevol\/wp-content\/uploads\/usu550\/2017\/04\/IMG_0003-c\u00f2pia-200x150.jpg 200w, https:\/\/agora.xtec.cat\/escjoanardevol\/wp-content\/uploads\/usu550\/2017\/04\/IMG_0003-c\u00f2pia.jpg 1288w\" sizes=\"auto, (max-width: 300px) 100vw, 300px\" \/><\/a><a href=\"https:\/\/goo.gl\/photos\/msX84fUoqQg41odv9\" target=\"_blank\">\u00a0 <\/a><a href=\"https:\/\/goo.gl\/photos\/msX84fUoqQg41odv9\" target=\"_blank\"><img loading=\"lazy\" decoding=\"async\" class=\"wp-image-4567 size-medium alignnone\" src=\"http:\/\/agora.xtec.cat\/escjoanardevol\/wp-content\/uploads\/usu550\/2017\/04\/IMG_20170421_122516-c\u00f2pia-300x225.jpg\" alt=\"IMG_20170421_122516 - c\u00f2pia\" width=\"300\" height=\"225\" srcset=\"https:\/\/agora.xtec.cat\/escjoanardevol\/wp-content\/uploads\/usu550\/2017\/04\/IMG_20170421_122516-c\u00f2pia-300x225.jpg 300w, https:\/\/agora.xtec.cat\/escjoanardevol\/wp-content\/uploads\/usu550\/2017\/04\/IMG_20170421_122516-c\u00f2pia-768x576.jpg 768w, https:\/\/agora.xtec.cat\/escjoanardevol\/wp-content\/uploads\/usu550\/2017\/04\/IMG_20170421_122516-c\u00f2pia-1024x768.jpg 1024w, https:\/\/agora.xtec.cat\/escjoanardevol\/wp-content\/uploads\/usu550\/2017\/04\/IMG_20170421_122516-c\u00f2pia-200x150.jpg 200w, https:\/\/agora.xtec.cat\/escjoanardevol\/wp-content\/uploads\/usu550\/2017\/04\/IMG_20170421_122516-c\u00f2pia.jpg 1040w\" sizes=\"auto, (max-width: 300px) 100vw, 300px\" \/><\/a><\/p>\n<p>Per la tarda vam fer el festival: els alumnes de 6\u00e8 vam representar la llegenda per a tota l&#8217;escola i despr\u00e9s hi va haver el <strong>lliurament de premis<\/strong> dels concursos literaris i de l&#8217;AMPA.<\/p>\n<p>Va ser una jornada genial!<\/p>\n<p><a href=\"https:\/\/goo.gl\/photos\/msX84fUoqQg41odv9\" target=\"_blank\"><img loading=\"lazy\" decoding=\"async\" class=\"alignnone wp-image-4574 size-medium\" src=\"http:\/\/agora.xtec.cat\/escjoanardevol\/wp-content\/uploads\/usu550\/2017\/04\/IMG_3206-c\u00f2pia-300x225.jpg\" alt=\"IMG_3206 - c\u00f2pia\" width=\"300\" height=\"225\" srcset=\"https:\/\/agora.xtec.cat\/escjoanardevol\/wp-content\/uploads\/usu550\/2017\/04\/IMG_3206-c\u00f2pia-300x225.jpg 300w, https:\/\/agora.xtec.cat\/escjoanardevol\/wp-content\/uploads\/usu550\/2017\/04\/IMG_3206-c\u00f2pia-768x576.jpg 768w, https:\/\/agora.xtec.cat\/escjoanardevol\/wp-content\/uploads\/usu550\/2017\/04\/IMG_3206-c\u00f2pia-1024x768.jpg 1024w, https:\/\/agora.xtec.cat\/escjoanardevol\/wp-content\/uploads\/usu550\/2017\/04\/IMG_3206-c\u00f2pia-200x150.jpg 200w, https:\/\/agora.xtec.cat\/escjoanardevol\/wp-content\/uploads\/usu550\/2017\/04\/IMG_3206-c\u00f2pia.jpg 1600w\" sizes=\"auto, (max-width: 300px) 100vw, 300px\" \/><\/a>\u00a0 <a href=\"https:\/\/goo.gl\/photos\/msX84fUoqQg41odv9\" target=\"_blank\"><img loading=\"lazy\" decoding=\"async\" class=\"alignnone wp-image-4575 size-medium\" src=\"http:\/\/agora.xtec.cat\/escjoanardevol\/wp-content\/uploads\/usu550\/2017\/04\/20170421_153742-c\u00f2pia-300x216.jpg\" alt=\"20170421_153742 - c\u00f2pia\" width=\"300\" height=\"216\" srcset=\"https:\/\/agora.xtec.cat\/escjoanardevol\/wp-content\/uploads\/usu550\/2017\/04\/20170421_153742-c\u00f2pia-300x216.jpg 300w, https:\/\/agora.xtec.cat\/escjoanardevol\/wp-content\/uploads\/usu550\/2017\/04\/20170421_153742-c\u00f2pia-768x552.jpg 768w, https:\/\/agora.xtec.cat\/escjoanardevol\/wp-content\/uploads\/usu550\/2017\/04\/20170421_153742-c\u00f2pia.jpg 993w\" sizes=\"auto, (max-width: 300px) 100vw, 300px\" \/><\/a><\/p>\n<p><a href=\"https:\/\/goo.gl\/photos\/msX84fUoqQg41odv9\" target=\"_blank\">\u00a0<\/a><\/p>\n<p>&nbsp;<\/p>\n","protected":false},"excerpt":{"rendered":"<p><a href=\"https:\/\/goo.gl\/photos\/msX84fUoqQg41odv9\" target=\"_blank\">\u00a0<\/a>A l&#8217;escola ens agrada celebrar la diada de Sant Jordi. Tot i que enguany, el dia 23 d&#8217;abril era diumenge, nosaltres vam celebrar-ho igualment, el divendres, 21 d&#8217;abril.<br \/>\n<a href=\"https:\/\/goo.gl\/photos\/msX84fUoqQg41odv9\" target=\"_blank\"><\/a><a href=\"https:\/\/goo.gl\/photos\/msX84fUoqQg41odv9\" target=\"_blank\">\u00a0 <\/a><br \/>\nVam fer moltes activitats i molt diverses. Els alumnes d&#8217;infantil vam&hellip;  <a href=\"https:\/\/agora.xtec.cat\/escjoanardevol\/infantil\/sant-jordi-2017\/\" title=\"Read Sant Jordi 2017\">Llegeix m\u00e9s\u00bb<\/a><\/p>\n","protected":false},"author":1,"featured_media":4564,"comment_status":"closed","ping_status":"open","sticky":false,"template":"","format":"standard","meta":{"_bbp_topic_count":0,"_bbp_reply_count":0,"_bbp_total_topic_count":0,"_bbp_total_reply_count":0,"_bbp_voice_count":0,"_bbp_anonymous_reply_count":0,"_bbp_topic_count_hidden":0,"_bbp_reply_count_hidden":0,"_bbp_forum_subforum_count":0,"footnotes":""},"categories":[2,4,5],"tags":[59,69,75,76,77,89,103,115,128,133,160,168,187],"class_list":["post-4563","post","type-post","status-publish","format-standard","has-post-thumbnail","hentry","category-infantil","category-portada","category-primaria","tag-activitats","tag-cambrils","tag-cicle-inicial","tag-cicle-mitja","tag-cicle-superior-2","tag-concursos","tag-educacio-infantil","tag-festes","tag-jornades","tag-llibres","tag-premis","tag-sant-jordi","tag-valors"],"post_mailing_queue_ids":[],"_links":{"self":[{"href":"https:\/\/agora.xtec.cat\/escjoanardevol\/wp-json\/wp\/v2\/posts\/4563","targetHints":{"allow":["GET"]}}],"collection":[{"href":"https:\/\/agora.xtec.cat\/escjoanardevol\/wp-json\/wp\/v2\/posts"}],"about":[{"href":"https:\/\/agora.xtec.cat\/escjoanardevol\/wp-json\/wp\/v2\/types\/post"}],"author":[{"embeddable":true,"href":"https:\/\/agora.xtec.cat\/escjoanardevol\/wp-json\/wp\/v2\/users\/1"}],"replies":[{"embeddable":true,"href":"https:\/\/agora.xtec.cat\/escjoanardevol\/wp-json\/wp\/v2\/comments?post=4563"}],"version-history":[{"count":4,"href":"https:\/\/agora.xtec.cat\/escjoanardevol\/wp-json\/wp\/v2\/posts\/4563\/revisions"}],"predecessor-version":[{"id":4578,"href":"https:\/\/agora.xtec.cat\/escjoanardevol\/wp-json\/wp\/v2\/posts\/4563\/revisions\/4578"}],"wp:featuredmedia":[{"embeddable":true,"href":"https:\/\/agora.xtec.cat\/escjoanardevol\/wp-json\/wp\/v2\/media\/4564"}],"wp:attachment":[{"href":"https:\/\/agora.xtec.cat\/escjoanardevol\/wp-json\/wp\/v2\/media?parent=4563"}],"wp:term":[{"taxonomy":"category","embeddable":true,"href":"https:\/\/agora.xtec.cat\/escjoanardevol\/wp-json\/wp\/v2\/categories?post=4563"},{"taxonomy":"post_tag","embeddable":true,"href":"https:\/\/agora.xtec.cat\/escjoanardevol\/wp-json\/wp\/v2\/tags?post=4563"}],"curies":[{"name":"wp","href":"https:\/\/api.w.org\/{rel}","templated":true}]}}