{"id":4552,"date":"2017-04-18T17:25:46","date_gmt":"2017-04-18T15:25:46","guid":{"rendered":"http:\/\/agora.xtec.cat\/escjoanardevol\/?p=4552"},"modified":"2017-04-18T17:33:27","modified_gmt":"2017-04-18T15:33:27","slug":"anem-al-parc-de-bombers","status":"publish","type":"post","link":"https:\/\/agora.xtec.cat\/escjoanardevol\/infantil\/anem-al-parc-de-bombers\/","title":{"rendered":"Anem al parc de bombers"},"content":{"rendered":"<p>Els nens i nenes de P5, aprofitant que treballem els oficis, hem anat a visitar el parc\u00a0de bombers de Cambrils. Hem vist totes les eines que porten al cami\u00f3 com les m\u00e0negues, la corda, l&#8217;escala, la sirena, &#8230; Ens hem vestit amb la seva roba ign\u00edfuga. Hem fet una volta pel parc i hem vist que \u00e9s com una casa ja que hi passen moltes hores. Hem jugat amb una m\u00e0nega\u00a0fent veure que\u00a0apag\u00e0vem un foc. I tamb\u00e9 hem pogut pujar al cami\u00f3 de bombers i sentir la seva sirena.<a href=\"https:\/\/goo.gl\/photos\/waRCzSRe93oJ7PGN8\" target=\"_blank\"><img loading=\"lazy\" decoding=\"async\" class=\"alignnone wp-image-4553 size-large\" src=\"http:\/\/agora.xtec.cat\/escjoanardevol\/wp-content\/uploads\/usu550\/2017\/04\/tots-1024x768.gif\" alt=\"tots\" width=\"1024\" height=\"768\" srcset=\"https:\/\/agora.xtec.cat\/escjoanardevol\/wp-content\/uploads\/usu550\/2017\/04\/tots-1024x768.gif 1024w, https:\/\/agora.xtec.cat\/escjoanardevol\/wp-content\/uploads\/usu550\/2017\/04\/tots-300x225.gif 300w, https:\/\/agora.xtec.cat\/escjoanardevol\/wp-content\/uploads\/usu550\/2017\/04\/tots-768x576.gif 768w, https:\/\/agora.xtec.cat\/escjoanardevol\/wp-content\/uploads\/usu550\/2017\/04\/tots-200x150.gif 200w\" sizes=\"auto, (max-width: 1024px) 100vw, 1024px\" \/><\/a><\/p>\n","protected":false},"excerpt":{"rendered":"<p>Els nens i nenes de P5, aprofitant que treballem els oficis, hem anat a visitar el parc\u00a0de bombers de Cambrils. Hem vist totes les eines que porten al cami\u00f3 com les m\u00e0negues, la corda, l&#8217;escala, la sirena, &#8230; Ens hem vestit amb la seva roba&hellip;  <a href=\"https:\/\/agora.xtec.cat\/escjoanardevol\/infantil\/anem-al-parc-de-bombers\/\" title=\"Read Anem al parc de bombers\">Llegeix m\u00e9s\u00bb<\/a><\/p>\n","protected":false},"author":29,"featured_media":4553,"comment_status":"closed","ping_status":"open","sticky":false,"template":"","format":"standard","meta":{"_bbp_topic_count":0,"_bbp_reply_count":0,"_bbp_total_topic_count":0,"_bbp_total_reply_count":0,"_bbp_voice_count":0,"_bbp_anonymous_reply_count":0,"_bbp_topic_count_hidden":0,"_bbp_reply_count_hidden":0,"_bbp_forum_subforum_count":0,"footnotes":""},"categories":[2,9,4],"tags":[103,116,149,16],"class_list":["post-4552","post","type-post","status-publish","format-standard","has-post-thumbnail","hentry","category-infantil","category-p5","category-portada","tag-educacio-infantil","tag-fotos","tag-p5","tag-sortides"],"post_mailing_queue_ids":[],"_links":{"self":[{"href":"https:\/\/agora.xtec.cat\/escjoanardevol\/wp-json\/wp\/v2\/posts\/4552","targetHints":{"allow":["GET"]}}],"collection":[{"href":"https:\/\/agora.xtec.cat\/escjoanardevol\/wp-json\/wp\/v2\/posts"}],"about":[{"href":"https:\/\/agora.xtec.cat\/escjoanardevol\/wp-json\/wp\/v2\/types\/post"}],"author":[{"embeddable":true,"href":"https:\/\/agora.xtec.cat\/escjoanardevol\/wp-json\/wp\/v2\/users\/29"}],"replies":[{"embeddable":true,"href":"https:\/\/agora.xtec.cat\/escjoanardevol\/wp-json\/wp\/v2\/comments?post=4552"}],"version-history":[{"count":3,"href":"https:\/\/agora.xtec.cat\/escjoanardevol\/wp-json\/wp\/v2\/posts\/4552\/revisions"}],"predecessor-version":[{"id":4556,"href":"https:\/\/agora.xtec.cat\/escjoanardevol\/wp-json\/wp\/v2\/posts\/4552\/revisions\/4556"}],"wp:featuredmedia":[{"embeddable":true,"href":"https:\/\/agora.xtec.cat\/escjoanardevol\/wp-json\/wp\/v2\/media\/4553"}],"wp:attachment":[{"href":"https:\/\/agora.xtec.cat\/escjoanardevol\/wp-json\/wp\/v2\/media?parent=4552"}],"wp:term":[{"taxonomy":"category","embeddable":true,"href":"https:\/\/agora.xtec.cat\/escjoanardevol\/wp-json\/wp\/v2\/categories?post=4552"},{"taxonomy":"post_tag","embeddable":true,"href":"https:\/\/agora.xtec.cat\/escjoanardevol\/wp-json\/wp\/v2\/tags?post=4552"}],"curies":[{"name":"wp","href":"https:\/\/api.w.org\/{rel}","templated":true}]}}