{"id":4539,"date":"2017-04-04T17:58:52","date_gmt":"2017-04-04T15:58:52","guid":{"rendered":"http:\/\/agora.xtec.cat\/escjoanardevol\/?p=4539"},"modified":"2017-04-05T07:57:43","modified_gmt":"2017-04-05T05:57:43","slug":"has-begut-oli","status":"publish","type":"post","link":"https:\/\/agora.xtec.cat\/escjoanardevol\/portada\/has-begut-oli\/","title":{"rendered":"Has begut oli?"},"content":{"rendered":"<p>El dilluns 3 d&#8217;abril, els alumnes de 6\u00e8 van participar en el taller \u201cHas begut oli?\u201d organitzat des del Consell Regulador de la DOP Siurana.<br \/>\nLa Jordina Oliva va ser l&#8217;encarregada de dinamitzar l&#8217;activitat que va consistir a aprendre a diferenciar l&#8217;oli d&#8217;oliva verge extra de l&#8217;oli refinat, a trav\u00e9s de l&#8217;experimentaci\u00f3. A m\u00e9s, els alumnes van tenir l&#8217;oportunitat de participar en el concurs que donar\u00e0 nom a l&#8217;emblema representatiu d&#8217;aquest oli.<br \/>\nPer concloure, la monitora va obsequiar a cadascun dels alumnes amb una mostra d&#8217;oli, com a record de l&#8217;activitat.<\/p>\n<p><a href=\"https:\/\/goo.gl\/photos\/Qaw3pToYPmvrsae27\" target=\"_blank\"><img loading=\"lazy\" decoding=\"async\" class=\"alignnone wp-image-4540 size-medium\" src=\"http:\/\/agora.xtec.cat\/escjoanardevol\/wp-content\/uploads\/usu550\/2017\/04\/IMG_20170403_120742-c\u00f2pia-300x168.jpg\" alt=\"IMG_20170403_120742 - c\u00f2pia\" width=\"300\" height=\"168\" srcset=\"https:\/\/agora.xtec.cat\/escjoanardevol\/wp-content\/uploads\/usu550\/2017\/04\/IMG_20170403_120742-c\u00f2pia-300x168.jpg 300w, https:\/\/agora.xtec.cat\/escjoanardevol\/wp-content\/uploads\/usu550\/2017\/04\/IMG_20170403_120742-c\u00f2pia-768x431.jpg 768w, https:\/\/agora.xtec.cat\/escjoanardevol\/wp-content\/uploads\/usu550\/2017\/04\/IMG_20170403_120742-c\u00f2pia-1024x575.jpg 1024w, https:\/\/agora.xtec.cat\/escjoanardevol\/wp-content\/uploads\/usu550\/2017\/04\/IMG_20170403_120742-c\u00f2pia.jpg 1040w\" sizes=\"auto, (max-width: 300px) 100vw, 300px\" \/><\/a><\/p>\n","protected":false},"excerpt":{"rendered":"<p>El dilluns 3 d&#8217;abril, els alumnes de 6\u00e8 van participar en el taller \u201cHas begut oli?\u201d organitzat des del Consell Regulador de la DOP Siurana.<br \/>\nLa Jordina Oliva va ser l&#8217;encarregada de dinamitzar l&#8217;activitat que va consistir a aprendre a diferenciar l&#8217;oli d&#8217;oliva verge extra de&hellip;  <a href=\"https:\/\/agora.xtec.cat\/escjoanardevol\/portada\/has-begut-oli\/\" title=\"Read Has begut oli?\">Llegeix m\u00e9s\u00bb<\/a><\/p>\n","protected":false},"author":1,"featured_media":4540,"comment_status":"closed","ping_status":"open","sticky":false,"template":"","format":"standard","meta":{"_bbp_topic_count":0,"_bbp_reply_count":0,"_bbp_total_topic_count":0,"_bbp_total_reply_count":0,"_bbp_voice_count":0,"_bbp_anonymous_reply_count":0,"_bbp_topic_count_hidden":0,"_bbp_reply_count_hidden":0,"_bbp_forum_subforum_count":0,"footnotes":""},"categories":[15,206,4],"tags":[59,77,108,182],"class_list":["post-4539","post","type-post","status-publish","format-standard","has-post-thumbnail","hentry","category-6e","category-verda","category-portada","tag-activitats","tag-cicle-superior-2","tag-escola-verda","tag-treball"],"post_mailing_queue_ids":[],"_links":{"self":[{"href":"https:\/\/agora.xtec.cat\/escjoanardevol\/wp-json\/wp\/v2\/posts\/4539","targetHints":{"allow":["GET"]}}],"collection":[{"href":"https:\/\/agora.xtec.cat\/escjoanardevol\/wp-json\/wp\/v2\/posts"}],"about":[{"href":"https:\/\/agora.xtec.cat\/escjoanardevol\/wp-json\/wp\/v2\/types\/post"}],"author":[{"embeddable":true,"href":"https:\/\/agora.xtec.cat\/escjoanardevol\/wp-json\/wp\/v2\/users\/1"}],"replies":[{"embeddable":true,"href":"https:\/\/agora.xtec.cat\/escjoanardevol\/wp-json\/wp\/v2\/comments?post=4539"}],"version-history":[{"count":2,"href":"https:\/\/agora.xtec.cat\/escjoanardevol\/wp-json\/wp\/v2\/posts\/4539\/revisions"}],"predecessor-version":[{"id":4542,"href":"https:\/\/agora.xtec.cat\/escjoanardevol\/wp-json\/wp\/v2\/posts\/4539\/revisions\/4542"}],"wp:featuredmedia":[{"embeddable":true,"href":"https:\/\/agora.xtec.cat\/escjoanardevol\/wp-json\/wp\/v2\/media\/4540"}],"wp:attachment":[{"href":"https:\/\/agora.xtec.cat\/escjoanardevol\/wp-json\/wp\/v2\/media?parent=4539"}],"wp:term":[{"taxonomy":"category","embeddable":true,"href":"https:\/\/agora.xtec.cat\/escjoanardevol\/wp-json\/wp\/v2\/categories?post=4539"},{"taxonomy":"post_tag","embeddable":true,"href":"https:\/\/agora.xtec.cat\/escjoanardevol\/wp-json\/wp\/v2\/tags?post=4539"}],"curies":[{"name":"wp","href":"https:\/\/api.w.org\/{rel}","templated":true}]}}