{"id":4532,"date":"2017-03-30T17:02:58","date_gmt":"2017-03-30T15:02:58","guid":{"rendered":"http:\/\/agora.xtec.cat\/escjoanardevol\/?p=4532"},"modified":"2017-03-29T17:03:23","modified_gmt":"2017-03-29T15:03:23","slug":"visita-al-moli-de-les-tres-eres-2","status":"publish","type":"post","link":"https:\/\/agora.xtec.cat\/escjoanardevol\/infantil\/visita-al-moli-de-les-tres-eres-2\/","title":{"rendered":"Visita al mol\u00ed de les tres eres"},"content":{"rendered":"<p>Els nens i nenes de P5 hem anat a visitar el mol\u00ed de les tres eres, l&#8217;\u00fanic mol\u00ed que encara es mant\u00e9 en peu a Cambrils. Hem vist com funciona, i com els antics moliners convertien els grans de blat en farina gr\u00e0cies a la for\u00e7a de l&#8217;aigua que permet que el mol\u00ed es mogui.<\/p>\n<p><a href=\"https:\/\/goo.gl\/photos\/25Mc9MDVzeeB28Ts7\" target=\"_blank\"><img loading=\"lazy\" decoding=\"async\" class=\"alignnone wp-image-4533 size-medium\" src=\"http:\/\/agora.xtec.cat\/escjoanardevol\/wp-content\/uploads\/usu550\/2017\/03\/IMG_3476-c\u00f2pia-300x225.jpg\" alt=\"img_3476-copia\" width=\"300\" height=\"225\" srcset=\"https:\/\/agora.xtec.cat\/escjoanardevol\/wp-content\/uploads\/usu550\/2017\/03\/IMG_3476-c\u00f2pia-300x225.jpg 300w, https:\/\/agora.xtec.cat\/escjoanardevol\/wp-content\/uploads\/usu550\/2017\/03\/IMG_3476-c\u00f2pia-768x576.jpg 768w, https:\/\/agora.xtec.cat\/escjoanardevol\/wp-content\/uploads\/usu550\/2017\/03\/IMG_3476-c\u00f2pia-1024x768.jpg 1024w, https:\/\/agora.xtec.cat\/escjoanardevol\/wp-content\/uploads\/usu550\/2017\/03\/IMG_3476-c\u00f2pia-200x150.jpg 200w, https:\/\/agora.xtec.cat\/escjoanardevol\/wp-content\/uploads\/usu550\/2017\/03\/IMG_3476-c\u00f2pia.jpg 1152w\" sizes=\"auto, (max-width: 300px) 100vw, 300px\" \/><\/a><\/p>\n","protected":false},"excerpt":{"rendered":"<p>Els nens i nenes de P5 hem anat a visitar el mol\u00ed de les tres eres, l&#8217;\u00fanic mol\u00ed que encara es mant\u00e9 en peu a Cambrils. Hem vist com funciona, i com els antics moliners convertien els grans de blat en farina gr\u00e0cies a la&hellip;  <a href=\"https:\/\/agora.xtec.cat\/escjoanardevol\/infantil\/visita-al-moli-de-les-tres-eres-2\/\" title=\"Read Visita al mol\u00ed de les tres eres\">Llegeix m\u00e9s\u00bb<\/a><\/p>\n","protected":false},"author":1,"featured_media":4533,"comment_status":"closed","ping_status":"open","sticky":false,"template":"","format":"standard","meta":{"_bbp_topic_count":0,"_bbp_reply_count":0,"_bbp_total_topic_count":0,"_bbp_total_reply_count":0,"_bbp_voice_count":0,"_bbp_anonymous_reply_count":0,"_bbp_topic_count_hidden":0,"_bbp_reply_count_hidden":0,"_bbp_forum_subforum_count":0,"footnotes":""},"categories":[2,9,4],"tags":[69,103,140,144,16],"class_list":["post-4532","post","type-post","status-publish","format-standard","has-post-thumbnail","hentry","category-infantil","category-p5","category-portada","tag-cambrils","tag-educacio-infantil","tag-medi","tag-museus","tag-sortides"],"post_mailing_queue_ids":[],"_links":{"self":[{"href":"https:\/\/agora.xtec.cat\/escjoanardevol\/wp-json\/wp\/v2\/posts\/4532","targetHints":{"allow":["GET"]}}],"collection":[{"href":"https:\/\/agora.xtec.cat\/escjoanardevol\/wp-json\/wp\/v2\/posts"}],"about":[{"href":"https:\/\/agora.xtec.cat\/escjoanardevol\/wp-json\/wp\/v2\/types\/post"}],"author":[{"embeddable":true,"href":"https:\/\/agora.xtec.cat\/escjoanardevol\/wp-json\/wp\/v2\/users\/1"}],"replies":[{"embeddable":true,"href":"https:\/\/agora.xtec.cat\/escjoanardevol\/wp-json\/wp\/v2\/comments?post=4532"}],"version-history":[{"count":2,"href":"https:\/\/agora.xtec.cat\/escjoanardevol\/wp-json\/wp\/v2\/posts\/4532\/revisions"}],"predecessor-version":[{"id":4535,"href":"https:\/\/agora.xtec.cat\/escjoanardevol\/wp-json\/wp\/v2\/posts\/4532\/revisions\/4535"}],"wp:featuredmedia":[{"embeddable":true,"href":"https:\/\/agora.xtec.cat\/escjoanardevol\/wp-json\/wp\/v2\/media\/4533"}],"wp:attachment":[{"href":"https:\/\/agora.xtec.cat\/escjoanardevol\/wp-json\/wp\/v2\/media?parent=4532"}],"wp:term":[{"taxonomy":"category","embeddable":true,"href":"https:\/\/agora.xtec.cat\/escjoanardevol\/wp-json\/wp\/v2\/categories?post=4532"},{"taxonomy":"post_tag","embeddable":true,"href":"https:\/\/agora.xtec.cat\/escjoanardevol\/wp-json\/wp\/v2\/tags?post=4532"}],"curies":[{"name":"wp","href":"https:\/\/api.w.org\/{rel}","templated":true}]}}