{"id":4529,"date":"2017-03-29T14:15:42","date_gmt":"2017-03-29T12:15:42","guid":{"rendered":"http:\/\/agora.xtec.cat\/escjoanardevol\/?p=4529"},"modified":"2017-03-29T16:49:00","modified_gmt":"2017-03-29T14:49:00","slug":"trobada-descoles-verdes","status":"publish","type":"post","link":"https:\/\/agora.xtec.cat\/escjoanardevol\/general\/trobada-descoles-verdes\/","title":{"rendered":"Trobada d&#8217;escoles verdes"},"content":{"rendered":"<p>El passat 24 de mar\u00e7 les alumnes Gisele Fern\u00e1ndez i Ainhoa P\u00e9rez de 6\u00e8, junt amb dues mestres, van ser les representants de l\u2019escola Joan Ard\u00e8vol a la trobada territorial d\u2019intercanvi d\u2019escoles verdes del Baix Camp i Priorat, a la Selva del Camp.<\/p>\n<p>La finalitat d\u2019aquesta trobada \u00e9s posar en com\u00fa i agafar idees que ens ajudin a seguir treballant per fer cam\u00ed cap a l\u2019Escola Verda. Tal com afirmen les dues protagonistes d\u2019aquest intercanvi:<\/p>\n<p>\u201cEns ha semblat una experi\u00e8ncia molt interessant, no nom\u00e9s pels nous coneixements i idees que hem compartit, sin\u00f3 tamb\u00e9 pels nous amics que hem fet. El que m\u00e9s ens ha agradat ha estat poder compartir l\u2019activitat que fem a l\u2019escola: <em>Els Consells d\u2019en Verdi<\/em>, ja que ha agradat molt als altres nens i en cap de les escoles la fan\u201d.<\/p>\n<p>A continuaci\u00f3 us adjuntem dos enlla\u00e7os sobre aquesta trobada on trobareu informaci\u00f3 m\u00e9s detallada:<\/p>\n<p>-Canal Camp de televisi\u00f3:<\/p>\n<p><iframe loading=\"lazy\" id=\"iframe_chapter\" src=\"https:\/\/canalcamp.xiptv.cat\/embed\/297667?width=778&amp;iframe_width=800&amp;share=&amp;height=438&amp;iframe_height=484\" name=\"iframe_chapter\" width=\"800\" height=\"484\" frameborder=\"0\" scrolling=\"no\"><\/iframe><\/p>\n<p>-Web d\u2019escoles verdes de Tarragona: <a href=\"http:\/\/www.escolesverdestarragona.com\/trobada-dintercanvi-territorial-la-selva-del-camp.html\" target=\"_blank\">http:\/\/www.escolesverdestarragona.com\/trobada-dintercanvi-territorial-la-selva-del-camp.html<\/a><\/p>\n<p>I tamb\u00e9 un recull fotogr\u00e0fic d\u2019aquesta profitosa trobada.<\/p>\n<p><a href=\"https:\/\/goo.gl\/photos\/atqGZaF3KscbvZcm7\" target=\"_blank\"><img loading=\"lazy\" decoding=\"async\" class=\"alignnone wp-image-4530 size-medium\" src=\"http:\/\/agora.xtec.cat\/escjoanardevol\/wp-content\/uploads\/usu550\/2017\/03\/3-300x225.jpg\" alt=\"3\" width=\"300\" height=\"225\" srcset=\"https:\/\/agora.xtec.cat\/escjoanardevol\/wp-content\/uploads\/usu550\/2017\/03\/3-300x225.jpg 300w, https:\/\/agora.xtec.cat\/escjoanardevol\/wp-content\/uploads\/usu550\/2017\/03\/3-768x576.jpg 768w, https:\/\/agora.xtec.cat\/escjoanardevol\/wp-content\/uploads\/usu550\/2017\/03\/3-1024x768.jpg 1024w, https:\/\/agora.xtec.cat\/escjoanardevol\/wp-content\/uploads\/usu550\/2017\/03\/3-200x150.jpg 200w, https:\/\/agora.xtec.cat\/escjoanardevol\/wp-content\/uploads\/usu550\/2017\/03\/3.jpg 1600w\" sizes=\"auto, (max-width: 300px) 100vw, 300px\" \/><\/a><\/p>\n","protected":false},"excerpt":{"rendered":"<p>El passat 24 de mar\u00e7 les alumnes Gisele Fern\u00e1ndez i Ainhoa P\u00e9rez de 6\u00e8, junt amb dues mestres, van ser les representants de l\u2019escola Joan Ard\u00e8vol a la trobada territorial d\u2019intercanvi d\u2019escoles verdes del Baix Camp i Priorat, a la Selva del Camp.<br \/>\nLa finalitat d\u2019aquesta&hellip;  <a href=\"https:\/\/agora.xtec.cat\/escjoanardevol\/general\/trobada-descoles-verdes\/\" title=\"Read Trobada d&#8217;escoles verdes\">Llegeix m\u00e9s\u00bb<\/a><\/p>\n","protected":false},"author":1,"featured_media":4530,"comment_status":"closed","ping_status":"open","sticky":false,"template":"","format":"standard","meta":{"_bbp_topic_count":0,"_bbp_reply_count":0,"_bbp_total_topic_count":0,"_bbp_total_reply_count":0,"_bbp_voice_count":0,"_bbp_anonymous_reply_count":0,"_bbp_topic_count_hidden":0,"_bbp_reply_count_hidden":0,"_bbp_forum_subforum_count":0,"footnotes":""},"categories":[206,1,2,4,5],"tags":[59,77,94,108,128,164,16],"class_list":["post-4529","post","type-post","status-publish","format-standard","has-post-thumbnail","hentry","category-verda","category-general","category-infantil","category-portada","category-primaria","tag-activitats","tag-cicle-superior-2","tag-cooperacio","tag-escola-verda","tag-jornades","tag-reciclatge","tag-sortides"],"post_mailing_queue_ids":[],"_links":{"self":[{"href":"https:\/\/agora.xtec.cat\/escjoanardevol\/wp-json\/wp\/v2\/posts\/4529","targetHints":{"allow":["GET"]}}],"collection":[{"href":"https:\/\/agora.xtec.cat\/escjoanardevol\/wp-json\/wp\/v2\/posts"}],"about":[{"href":"https:\/\/agora.xtec.cat\/escjoanardevol\/wp-json\/wp\/v2\/types\/post"}],"author":[{"embeddable":true,"href":"https:\/\/agora.xtec.cat\/escjoanardevol\/wp-json\/wp\/v2\/users\/1"}],"replies":[{"embeddable":true,"href":"https:\/\/agora.xtec.cat\/escjoanardevol\/wp-json\/wp\/v2\/comments?post=4529"}],"version-history":[{"count":1,"href":"https:\/\/agora.xtec.cat\/escjoanardevol\/wp-json\/wp\/v2\/posts\/4529\/revisions"}],"predecessor-version":[{"id":4531,"href":"https:\/\/agora.xtec.cat\/escjoanardevol\/wp-json\/wp\/v2\/posts\/4529\/revisions\/4531"}],"wp:featuredmedia":[{"embeddable":true,"href":"https:\/\/agora.xtec.cat\/escjoanardevol\/wp-json\/wp\/v2\/media\/4530"}],"wp:attachment":[{"href":"https:\/\/agora.xtec.cat\/escjoanardevol\/wp-json\/wp\/v2\/media?parent=4529"}],"wp:term":[{"taxonomy":"category","embeddable":true,"href":"https:\/\/agora.xtec.cat\/escjoanardevol\/wp-json\/wp\/v2\/categories?post=4529"},{"taxonomy":"post_tag","embeddable":true,"href":"https:\/\/agora.xtec.cat\/escjoanardevol\/wp-json\/wp\/v2\/tags?post=4529"}],"curies":[{"name":"wp","href":"https:\/\/api.w.org\/{rel}","templated":true}]}}