{"id":4498,"date":"2017-03-21T09:42:30","date_gmt":"2017-03-21T08:42:30","guid":{"rendered":"http:\/\/agora.xtec.cat\/escjoanardevol\/?p=4498"},"modified":"2017-03-21T09:42:30","modified_gmt":"2017-03-21T08:42:30","slug":"fem-descultors","status":"publish","type":"post","link":"https:\/\/agora.xtec.cat\/escjoanardevol\/portada\/fem-descultors\/","title":{"rendered":"Fem d&#8217;escultors"},"content":{"rendered":"<p>Dins de l&#8217;activitat dels oficis, els nens i nenes de P5 hem visitat el taller d&#8217;escultura de la Dolors Ortu\u00f1o on, a partir de diferents t\u00e8cniques ens ha ensenyat a construir la nostra pr\u00f2pia torre de Cambrils amb fang vermell, per poder prendre-la a casa. Tamb\u00e9 ens ha ensenyat les escultures que fa i ens ha explicat com les fa i quins son els materials i eines que utilitza per fer-les.<\/p>\n<p><a href=\"https:\/\/goo.gl\/photos\/daZtC6zbWpyrWUfS9\" target=\"_blank\"><img loading=\"lazy\" decoding=\"async\" class=\"alignnone wp-image-4499 size-medium\" src=\"http:\/\/agora.xtec.cat\/escjoanardevol\/wp-content\/uploads\/usu550\/2017\/03\/IMG_3406-c\u00f2pia-300x225.jpg\" alt=\"img_3406-copia\" width=\"300\" height=\"225\" srcset=\"https:\/\/agora.xtec.cat\/escjoanardevol\/wp-content\/uploads\/usu550\/2017\/03\/IMG_3406-c\u00f2pia-300x225.jpg 300w, https:\/\/agora.xtec.cat\/escjoanardevol\/wp-content\/uploads\/usu550\/2017\/03\/IMG_3406-c\u00f2pia-768x576.jpg 768w, https:\/\/agora.xtec.cat\/escjoanardevol\/wp-content\/uploads\/usu550\/2017\/03\/IMG_3406-c\u00f2pia-1024x768.jpg 1024w, https:\/\/agora.xtec.cat\/escjoanardevol\/wp-content\/uploads\/usu550\/2017\/03\/IMG_3406-c\u00f2pia-200x150.jpg 200w, https:\/\/agora.xtec.cat\/escjoanardevol\/wp-content\/uploads\/usu550\/2017\/03\/IMG_3406-c\u00f2pia.jpg 1152w\" sizes=\"auto, (max-width: 300px) 100vw, 300px\" \/><\/a><\/p>\n","protected":false},"excerpt":{"rendered":"<p>Dins de l&#8217;activitat dels oficis, els nens i nenes de P5 hem visitat el taller d&#8217;escultura de la Dolors Ortu\u00f1o on, a partir de diferents t\u00e8cniques ens ha ensenyat a construir la nostra pr\u00f2pia torre de Cambrils amb fang vermell, per poder prendre-la a casa.&hellip;  <a href=\"https:\/\/agora.xtec.cat\/escjoanardevol\/portada\/fem-descultors\/\" title=\"Read Fem d&#8217;escultors\">Llegeix m\u00e9s\u00bb<\/a><\/p>\n","protected":false},"author":1,"featured_media":4499,"comment_status":"closed","ping_status":"open","sticky":false,"template":"","format":"standard","meta":{"_bbp_topic_count":0,"_bbp_reply_count":0,"_bbp_total_topic_count":0,"_bbp_total_reply_count":0,"_bbp_voice_count":0,"_bbp_anonymous_reply_count":0,"_bbp_topic_count_hidden":0,"_bbp_reply_count_hidden":0,"_bbp_forum_subforum_count":0,"footnotes":""},"categories":[9,4],"tags":[59,69,103,140,16],"class_list":["post-4498","post","type-post","status-publish","format-standard","has-post-thumbnail","hentry","category-p5","category-portada","tag-activitats","tag-cambrils","tag-educacio-infantil","tag-medi","tag-sortides"],"post_mailing_queue_ids":[],"_links":{"self":[{"href":"https:\/\/agora.xtec.cat\/escjoanardevol\/wp-json\/wp\/v2\/posts\/4498","targetHints":{"allow":["GET"]}}],"collection":[{"href":"https:\/\/agora.xtec.cat\/escjoanardevol\/wp-json\/wp\/v2\/posts"}],"about":[{"href":"https:\/\/agora.xtec.cat\/escjoanardevol\/wp-json\/wp\/v2\/types\/post"}],"author":[{"embeddable":true,"href":"https:\/\/agora.xtec.cat\/escjoanardevol\/wp-json\/wp\/v2\/users\/1"}],"replies":[{"embeddable":true,"href":"https:\/\/agora.xtec.cat\/escjoanardevol\/wp-json\/wp\/v2\/comments?post=4498"}],"version-history":[{"count":1,"href":"https:\/\/agora.xtec.cat\/escjoanardevol\/wp-json\/wp\/v2\/posts\/4498\/revisions"}],"predecessor-version":[{"id":4500,"href":"https:\/\/agora.xtec.cat\/escjoanardevol\/wp-json\/wp\/v2\/posts\/4498\/revisions\/4500"}],"wp:featuredmedia":[{"embeddable":true,"href":"https:\/\/agora.xtec.cat\/escjoanardevol\/wp-json\/wp\/v2\/media\/4499"}],"wp:attachment":[{"href":"https:\/\/agora.xtec.cat\/escjoanardevol\/wp-json\/wp\/v2\/media?parent=4498"}],"wp:term":[{"taxonomy":"category","embeddable":true,"href":"https:\/\/agora.xtec.cat\/escjoanardevol\/wp-json\/wp\/v2\/categories?post=4498"},{"taxonomy":"post_tag","embeddable":true,"href":"https:\/\/agora.xtec.cat\/escjoanardevol\/wp-json\/wp\/v2\/tags?post=4498"}],"curies":[{"name":"wp","href":"https:\/\/api.w.org\/{rel}","templated":true}]}}