{"id":4490,"date":"2017-03-17T10:13:16","date_gmt":"2017-03-17T09:13:16","guid":{"rendered":"http:\/\/agora.xtec.cat\/escjoanardevol\/?p=4490"},"modified":"2017-03-17T10:13:16","modified_gmt":"2017-03-17T09:13:16","slug":"6e-sortida-a-la-biblioteca","status":"publish","type":"post","link":"https:\/\/agora.xtec.cat\/escjoanardevol\/portada\/6e-sortida-a-la-biblioteca\/","title":{"rendered":"6\u00e8 sortida a la biblioteca"},"content":{"rendered":"<p>El dijous, 16 de mar\u00e7, els alumnes de 6\u00e8 vam anar a la Biblioteca Municipal de Cambrils. Les bibliotec\u00e0ries ens van explicar el funcionament general, les diferents opcions de pr\u00e9stec i la localitzaci\u00f3 dels llibres recomanats per a nosaltres. Per acabar, vam poder visitar lliurement aquelles seccions que m\u00e9s ens agradaven. Va ser una visita molt profitosa en la que vam seguir aprenent el funcionament i funcions de la biblioteca i gratificant.<\/p>\n<p><a href=\"https:\/\/goo.gl\/photos\/E6xibHH4onwFh8yf9\" target=\"_blank\"><img loading=\"lazy\" decoding=\"async\" class=\"alignnone wp-image-4491 size-medium\" src=\"http:\/\/agora.xtec.cat\/escjoanardevol\/wp-content\/uploads\/usu550\/2017\/03\/IMG_20170316_105332-c\u00f2pia-300x225.jpg\" alt=\"img_20170316_105332-copia\" width=\"300\" height=\"225\" srcset=\"https:\/\/agora.xtec.cat\/escjoanardevol\/wp-content\/uploads\/usu550\/2017\/03\/IMG_20170316_105332-c\u00f2pia-300x225.jpg 300w, https:\/\/agora.xtec.cat\/escjoanardevol\/wp-content\/uploads\/usu550\/2017\/03\/IMG_20170316_105332-c\u00f2pia-768x576.jpg 768w, https:\/\/agora.xtec.cat\/escjoanardevol\/wp-content\/uploads\/usu550\/2017\/03\/IMG_20170316_105332-c\u00f2pia-1024x768.jpg 1024w, https:\/\/agora.xtec.cat\/escjoanardevol\/wp-content\/uploads\/usu550\/2017\/03\/IMG_20170316_105332-c\u00f2pia-200x150.jpg 200w, https:\/\/agora.xtec.cat\/escjoanardevol\/wp-content\/uploads\/usu550\/2017\/03\/IMG_20170316_105332-c\u00f2pia.jpg 1040w\" sizes=\"auto, (max-width: 300px) 100vw, 300px\" \/><\/a><\/p>\n","protected":false},"excerpt":{"rendered":"<p>El dijous, 16 de mar\u00e7, els alumnes de 6\u00e8 vam anar a la Biblioteca Municipal de Cambrils. Les bibliotec\u00e0ries ens van explicar el funcionament general, les diferents opcions de pr\u00e9stec i la localitzaci\u00f3 dels llibres recomanats per a nosaltres. Per acabar, vam poder visitar lliurement&hellip;  <a href=\"https:\/\/agora.xtec.cat\/escjoanardevol\/portada\/6e-sortida-a-la-biblioteca\/\" title=\"Read 6\u00e8 sortida a la biblioteca\">Llegeix m\u00e9s\u00bb<\/a><\/p>\n","protected":false},"author":1,"featured_media":4491,"comment_status":"closed","ping_status":"open","sticky":false,"template":"","format":"standard","meta":{"_bbp_topic_count":0,"_bbp_reply_count":0,"_bbp_total_topic_count":0,"_bbp_total_reply_count":0,"_bbp_voice_count":0,"_bbp_anonymous_reply_count":0,"_bbp_topic_count_hidden":0,"_bbp_reply_count_hidden":0,"_bbp_forum_subforum_count":0,"footnotes":""},"categories":[15,4],"tags":[59,67,69,77,16],"class_list":["post-4490","post","type-post","status-publish","format-standard","has-post-thumbnail","hentry","category-6e","category-portada","tag-activitats","tag-biblioteca","tag-cambrils","tag-cicle-superior-2","tag-sortides"],"post_mailing_queue_ids":[],"_links":{"self":[{"href":"https:\/\/agora.xtec.cat\/escjoanardevol\/wp-json\/wp\/v2\/posts\/4490","targetHints":{"allow":["GET"]}}],"collection":[{"href":"https:\/\/agora.xtec.cat\/escjoanardevol\/wp-json\/wp\/v2\/posts"}],"about":[{"href":"https:\/\/agora.xtec.cat\/escjoanardevol\/wp-json\/wp\/v2\/types\/post"}],"author":[{"embeddable":true,"href":"https:\/\/agora.xtec.cat\/escjoanardevol\/wp-json\/wp\/v2\/users\/1"}],"replies":[{"embeddable":true,"href":"https:\/\/agora.xtec.cat\/escjoanardevol\/wp-json\/wp\/v2\/comments?post=4490"}],"version-history":[{"count":1,"href":"https:\/\/agora.xtec.cat\/escjoanardevol\/wp-json\/wp\/v2\/posts\/4490\/revisions"}],"predecessor-version":[{"id":4492,"href":"https:\/\/agora.xtec.cat\/escjoanardevol\/wp-json\/wp\/v2\/posts\/4490\/revisions\/4492"}],"wp:featuredmedia":[{"embeddable":true,"href":"https:\/\/agora.xtec.cat\/escjoanardevol\/wp-json\/wp\/v2\/media\/4491"}],"wp:attachment":[{"href":"https:\/\/agora.xtec.cat\/escjoanardevol\/wp-json\/wp\/v2\/media?parent=4490"}],"wp:term":[{"taxonomy":"category","embeddable":true,"href":"https:\/\/agora.xtec.cat\/escjoanardevol\/wp-json\/wp\/v2\/categories?post=4490"},{"taxonomy":"post_tag","embeddable":true,"href":"https:\/\/agora.xtec.cat\/escjoanardevol\/wp-json\/wp\/v2\/tags?post=4490"}],"curies":[{"name":"wp","href":"https:\/\/api.w.org\/{rel}","templated":true}]}}