{"id":4479,"date":"2017-03-14T18:45:52","date_gmt":"2017-03-14T17:45:52","guid":{"rendered":"http:\/\/agora.xtec.cat\/escjoanardevol\/?p=4479"},"modified":"2017-03-14T18:47:01","modified_gmt":"2017-03-14T17:47:01","slug":"el-mon-a-4-potes-2","status":"publish","type":"post","link":"https:\/\/agora.xtec.cat\/escjoanardevol\/portada\/el-mon-a-4-potes-2\/","title":{"rendered":"El m\u00f3n a 4 potes"},"content":{"rendered":"<p>El divendres passat dia 10 de mar\u00e7, els alumnes de primer i segon vam tenir la visita d\u2019un gossos molt especials: la Poma i el Croqueta. Tots dos s\u00f3n gossos de ter\u00e0pia i ajuden a diferents col\u00b7lectius: nens amb dificultats de lectura, avis que se senten sols o tristos, nens amb s\u00edndrome de Down&#8230;<\/p>\n<p>La visita d\u2019aquests gossos ens va servir per voltar pel m\u00f3n i con\u00e8ixer realitats i cultures diferents a les nostres. Gr\u00e0cies al viatge de la Poma arreu del m\u00f3n, vam poder veure tota l\u2019ajuda que realitza a diferents parts del m\u00f3n amb persones molt diverses que tenen necessitats diferents.<\/p>\n<p>Vam gaudir molt de les explicacions, de la sessi\u00f3 tan din\u00e0mica que es va crear on f\u00e8iem preguntes i explic\u00e0vem an\u00e8cdotes. Vam poder acaronar-los i vam poder tenir una tarda especial amb uns amics ben carinyosos i peluts.<\/p>\n<p><a href=\"https:\/\/goo.gl\/photos\/YUUaDR9BwqPZFDmg7\" target=\"_blank\"><img loading=\"lazy\" decoding=\"async\" class=\"alignnone wp-image-4480 size-medium\" src=\"http:\/\/agora.xtec.cat\/escjoanardevol\/wp-content\/uploads\/usu550\/2017\/03\/IMG_0001-c\u00f2pia-300x225.jpg\" alt=\"img_0001-copia\" width=\"300\" height=\"225\" srcset=\"https:\/\/agora.xtec.cat\/escjoanardevol\/wp-content\/uploads\/usu550\/2017\/03\/IMG_0001-c\u00f2pia-300x225.jpg 300w, https:\/\/agora.xtec.cat\/escjoanardevol\/wp-content\/uploads\/usu550\/2017\/03\/IMG_0001-c\u00f2pia-768x576.jpg 768w, https:\/\/agora.xtec.cat\/escjoanardevol\/wp-content\/uploads\/usu550\/2017\/03\/IMG_0001-c\u00f2pia-1024x768.jpg 1024w, https:\/\/agora.xtec.cat\/escjoanardevol\/wp-content\/uploads\/usu550\/2017\/03\/IMG_0001-c\u00f2pia-200x150.jpg 200w, https:\/\/agora.xtec.cat\/escjoanardevol\/wp-content\/uploads\/usu550\/2017\/03\/IMG_0001-c\u00f2pia.jpg 1288w\" sizes=\"auto, (max-width: 300px) 100vw, 300px\" \/><\/a><\/p>\n<p>Els mitjans digitals de Cambrils se&#8217;n van fer ress\u00f2:<\/p>\n<p><a href=\"http:\/\/delcamp.cat\/cambrilsdiari\/noticia\/3016\/els-gossos-de-terapia-tornen-a-les-aules-de-cambrils-per-fomentar-diferents-valors\" target=\"_blank\"><img loading=\"lazy\" decoding=\"async\" class=\"alignnone wp-image-4396 size-medium\" src=\"http:\/\/agora.xtec.cat\/escjoanardevol\/wp-content\/uploads\/usu550\/2017\/01\/cambrilsdiari2-300x51.gif\" alt=\"cambrilsdiari2\" width=\"300\" height=\"51\" \/><\/a><\/p>\n<p><a href=\"http:\/\/www.revistacambrils.cat\/index.php?c_noticia=22956\" target=\"_blank\"><img loading=\"lazy\" decoding=\"async\" class=\"alignnone wp-image-4481 size-medium\" src=\"http:\/\/agora.xtec.cat\/escjoanardevol\/wp-content\/uploads\/usu550\/2017\/03\/revistaCambrils-300x54.jpg\" alt=\"revistacambrils\" width=\"300\" height=\"54\" srcset=\"https:\/\/agora.xtec.cat\/escjoanardevol\/wp-content\/uploads\/usu550\/2017\/03\/revistaCambrils-300x54.jpg 300w, https:\/\/agora.xtec.cat\/escjoanardevol\/wp-content\/uploads\/usu550\/2017\/03\/revistaCambrils.jpg 426w\" sizes=\"auto, (max-width: 300px) 100vw, 300px\" \/><\/a><\/p>\n<p>&nbsp;<\/p>\n","protected":false},"excerpt":{"rendered":"<p>El divendres passat dia 10 de mar\u00e7, els alumnes de primer i segon vam tenir la visita d\u2019un gossos molt especials: la Poma i el Croqueta. Tots dos s\u00f3n gossos de ter\u00e0pia i ajuden a diferents col\u00b7lectius: nens amb dificultats de lectura, avis que se&hellip;  <a href=\"https:\/\/agora.xtec.cat\/escjoanardevol\/portada\/el-mon-a-4-potes-2\/\" title=\"Read El m\u00f3n a 4 potes\">Llegeix m\u00e9s\u00bb<\/a><\/p>\n","protected":false},"author":1,"featured_media":4480,"comment_status":"closed","ping_status":"open","sticky":false,"template":"","format":"standard","meta":{"_bbp_topic_count":0,"_bbp_reply_count":0,"_bbp_total_topic_count":0,"_bbp_total_reply_count":0,"_bbp_voice_count":0,"_bbp_anonymous_reply_count":0,"_bbp_topic_count_hidden":0,"_bbp_reply_count_hidden":0,"_bbp_forum_subforum_count":0,"footnotes":""},"categories":[10,11,4,5],"tags":[59,69,75,93,94,103,187],"class_list":["post-4479","post","type-post","status-publish","format-standard","has-post-thumbnail","hentry","category-1r","category-2n","category-portada","category-primaria","tag-activitats","tag-cambrils","tag-cicle-inicial","tag-convivencia","tag-cooperacio","tag-educacio-infantil","tag-valors"],"post_mailing_queue_ids":[],"_links":{"self":[{"href":"https:\/\/agora.xtec.cat\/escjoanardevol\/wp-json\/wp\/v2\/posts\/4479","targetHints":{"allow":["GET"]}}],"collection":[{"href":"https:\/\/agora.xtec.cat\/escjoanardevol\/wp-json\/wp\/v2\/posts"}],"about":[{"href":"https:\/\/agora.xtec.cat\/escjoanardevol\/wp-json\/wp\/v2\/types\/post"}],"author":[{"embeddable":true,"href":"https:\/\/agora.xtec.cat\/escjoanardevol\/wp-json\/wp\/v2\/users\/1"}],"replies":[{"embeddable":true,"href":"https:\/\/agora.xtec.cat\/escjoanardevol\/wp-json\/wp\/v2\/comments?post=4479"}],"version-history":[{"count":2,"href":"https:\/\/agora.xtec.cat\/escjoanardevol\/wp-json\/wp\/v2\/posts\/4479\/revisions"}],"predecessor-version":[{"id":4483,"href":"https:\/\/agora.xtec.cat\/escjoanardevol\/wp-json\/wp\/v2\/posts\/4479\/revisions\/4483"}],"wp:featuredmedia":[{"embeddable":true,"href":"https:\/\/agora.xtec.cat\/escjoanardevol\/wp-json\/wp\/v2\/media\/4480"}],"wp:attachment":[{"href":"https:\/\/agora.xtec.cat\/escjoanardevol\/wp-json\/wp\/v2\/media?parent=4479"}],"wp:term":[{"taxonomy":"category","embeddable":true,"href":"https:\/\/agora.xtec.cat\/escjoanardevol\/wp-json\/wp\/v2\/categories?post=4479"},{"taxonomy":"post_tag","embeddable":true,"href":"https:\/\/agora.xtec.cat\/escjoanardevol\/wp-json\/wp\/v2\/tags?post=4479"}],"curies":[{"name":"wp","href":"https:\/\/api.w.org\/{rel}","templated":true}]}}