{"id":4447,"date":"2017-02-24T09:18:16","date_gmt":"2017-02-24T08:18:16","guid":{"rendered":"http:\/\/agora.xtec.cat\/escjoanardevol\/?p=4447"},"modified":"2017-02-24T09:18:16","modified_gmt":"2017-02-24T08:18:16","slug":"padrins-lectors","status":"publish","type":"post","link":"https:\/\/agora.xtec.cat\/escjoanardevol\/portada\/padrins-lectors\/","title":{"rendered":"Padrins lectors"},"content":{"rendered":"<p>Per segon any consecutiu hem donat el tret de sortida a l\u2019activitat \u201cPadrins Lectors\u201d. Els nostres alumnes de sis\u00e8 i de primer, un cop a la setmana i fins a final de curs, es trobaran per treballar la lectura conjuntament. \u00c9s una activitat molt enriquidora per a tots ells a trav\u00e9s de la qual no nom\u00e9s treballen l\u2019h\u00e0bit lector sin\u00f3 tamb\u00e9 valors com el companyerisme, el treball en equip o la responsabilitat. Estem segurs que de nou, ser\u00e0 tot un \u00e8xit!<\/p>\n<p><a href=\"https:\/\/goo.gl\/photos\/9FbY535Mcf49fzGG7\" target=\"_blank\"><img loading=\"lazy\" decoding=\"async\" class=\"alignnone wp-image-4448 size-medium\" src=\"http:\/\/agora.xtec.cat\/escjoanardevol\/wp-content\/uploads\/usu550\/2017\/02\/IMG_20170221_161200-c\u00f2pia-300x225.jpg\" alt=\"img_20170221_161200-copia\" width=\"300\" height=\"225\" srcset=\"https:\/\/agora.xtec.cat\/escjoanardevol\/wp-content\/uploads\/usu550\/2017\/02\/IMG_20170221_161200-c\u00f2pia-300x225.jpg 300w, https:\/\/agora.xtec.cat\/escjoanardevol\/wp-content\/uploads\/usu550\/2017\/02\/IMG_20170221_161200-c\u00f2pia-768x576.jpg 768w, https:\/\/agora.xtec.cat\/escjoanardevol\/wp-content\/uploads\/usu550\/2017\/02\/IMG_20170221_161200-c\u00f2pia-1024x768.jpg 1024w, https:\/\/agora.xtec.cat\/escjoanardevol\/wp-content\/uploads\/usu550\/2017\/02\/IMG_20170221_161200-c\u00f2pia-200x150.jpg 200w, https:\/\/agora.xtec.cat\/escjoanardevol\/wp-content\/uploads\/usu550\/2017\/02\/IMG_20170221_161200-c\u00f2pia.jpg 1040w\" sizes=\"auto, (max-width: 300px) 100vw, 300px\" \/><\/a><\/p>\n","protected":false},"excerpt":{"rendered":"<p>Per segon any consecutiu hem donat el tret de sortida a l\u2019activitat \u201cPadrins Lectors\u201d. Els nostres alumnes de sis\u00e8 i de primer, un cop a la setmana i fins a final de curs, es trobaran per treballar la lectura conjuntament. \u00c9s una activitat molt enriquidora&hellip;  <a href=\"https:\/\/agora.xtec.cat\/escjoanardevol\/portada\/padrins-lectors\/\" title=\"Read Padrins lectors\">Llegeix m\u00e9s\u00bb<\/a><\/p>\n","protected":false},"author":1,"featured_media":4448,"comment_status":"closed","ping_status":"open","sticky":false,"template":"","format":"standard","meta":{"_bbp_topic_count":0,"_bbp_reply_count":0,"_bbp_total_topic_count":0,"_bbp_total_reply_count":0,"_bbp_voice_count":0,"_bbp_anonymous_reply_count":0,"_bbp_topic_count_hidden":0,"_bbp_reply_count_hidden":0,"_bbp_forum_subforum_count":0,"footnotes":""},"categories":[10,15,4,5],"tags":[],"class_list":["post-4447","post","type-post","status-publish","format-standard","has-post-thumbnail","hentry","category-1r","category-6e","category-portada","category-primaria"],"post_mailing_queue_ids":[],"_links":{"self":[{"href":"https:\/\/agora.xtec.cat\/escjoanardevol\/wp-json\/wp\/v2\/posts\/4447","targetHints":{"allow":["GET"]}}],"collection":[{"href":"https:\/\/agora.xtec.cat\/escjoanardevol\/wp-json\/wp\/v2\/posts"}],"about":[{"href":"https:\/\/agora.xtec.cat\/escjoanardevol\/wp-json\/wp\/v2\/types\/post"}],"author":[{"embeddable":true,"href":"https:\/\/agora.xtec.cat\/escjoanardevol\/wp-json\/wp\/v2\/users\/1"}],"replies":[{"embeddable":true,"href":"https:\/\/agora.xtec.cat\/escjoanardevol\/wp-json\/wp\/v2\/comments?post=4447"}],"version-history":[{"count":1,"href":"https:\/\/agora.xtec.cat\/escjoanardevol\/wp-json\/wp\/v2\/posts\/4447\/revisions"}],"predecessor-version":[{"id":4449,"href":"https:\/\/agora.xtec.cat\/escjoanardevol\/wp-json\/wp\/v2\/posts\/4447\/revisions\/4449"}],"wp:featuredmedia":[{"embeddable":true,"href":"https:\/\/agora.xtec.cat\/escjoanardevol\/wp-json\/wp\/v2\/media\/4448"}],"wp:attachment":[{"href":"https:\/\/agora.xtec.cat\/escjoanardevol\/wp-json\/wp\/v2\/media?parent=4447"}],"wp:term":[{"taxonomy":"category","embeddable":true,"href":"https:\/\/agora.xtec.cat\/escjoanardevol\/wp-json\/wp\/v2\/categories?post=4447"},{"taxonomy":"post_tag","embeddable":true,"href":"https:\/\/agora.xtec.cat\/escjoanardevol\/wp-json\/wp\/v2\/tags?post=4447"}],"curies":[{"name":"wp","href":"https:\/\/api.w.org\/{rel}","templated":true}]}}