{"id":4444,"date":"2017-02-22T16:47:01","date_gmt":"2017-02-22T15:47:01","guid":{"rendered":"http:\/\/agora.xtec.cat\/escjoanardevol\/?p=4444"},"modified":"2017-02-22T16:47:01","modified_gmt":"2017-02-22T15:47:01","slug":"cicle-inicial-descobrim-el-port-de-cambrils","status":"publish","type":"post","link":"https:\/\/agora.xtec.cat\/escjoanardevol\/portada\/cicle-inicial-descobrim-el-port-de-cambrils\/","title":{"rendered":"Cicle Inicial descobrim el port de Cambrils"},"content":{"rendered":"<p>El dia 31 de gener\u00a0 els alumnes de segon A i el dia 21 de febrer, els alumnes de segon B, vam baixar al port de Cambrils a fer una descoberta de la zona. La monitora de l\u2019activitat \u00e9s historiadora i mitjan\u00e7ant fotografies antigues i explicacions diverses, ens va mostrar com era el port de Cambrils en el passat.<br \/>\nAl passeig de les Palmeres, vam fer unes construccions amb galledes, sorra i pedres que intentaven imitar la Torre del port.<br \/>\nVam anar passejant fins al port pesquer i all\u00e0 ens va explicar t\u00e8cniques de pesca i vam poder veure un parell de barques treballant aix\u00ed com tamb\u00e9 els remendadors i remendadores reparant les xarxes.<br \/>\nM\u00e9s tard vam baixar fins a les escales Reials a esmorzar i vam poder contemplar l\u2019escultura de les Serenes.<br \/>\nPosteriorment, vam fer el cam\u00ed de tornada passant per la Torre del port , visitant el seu interior i tamb\u00e9 gaudint de les vistes.<br \/>\nPer acabar l\u2019activitat, vam visitar el Parc del pescador i vam gaudir d\u2019una estona d\u2019esbarjo.<\/p>\n<p><a href=\"https:\/\/goo.gl\/photos\/1P43xAVkjmCQwnGS8\" target=\"_blank\"><img loading=\"lazy\" decoding=\"async\" class=\"alignnone wp-image-4445 size-medium\" src=\"http:\/\/agora.xtec.cat\/escjoanardevol\/wp-content\/uploads\/usu550\/2017\/02\/IMG_0049-c\u00f2pia-300x225.jpg\" alt=\"img_0049-copia\" width=\"300\" height=\"225\" srcset=\"https:\/\/agora.xtec.cat\/escjoanardevol\/wp-content\/uploads\/usu550\/2017\/02\/IMG_0049-c\u00f2pia-300x225.jpg 300w, https:\/\/agora.xtec.cat\/escjoanardevol\/wp-content\/uploads\/usu550\/2017\/02\/IMG_0049-c\u00f2pia-768x576.jpg 768w, https:\/\/agora.xtec.cat\/escjoanardevol\/wp-content\/uploads\/usu550\/2017\/02\/IMG_0049-c\u00f2pia-1024x768.jpg 1024w, https:\/\/agora.xtec.cat\/escjoanardevol\/wp-content\/uploads\/usu550\/2017\/02\/IMG_0049-c\u00f2pia-200x150.jpg 200w, https:\/\/agora.xtec.cat\/escjoanardevol\/wp-content\/uploads\/usu550\/2017\/02\/IMG_0049-c\u00f2pia.jpg 1288w\" sizes=\"auto, (max-width: 300px) 100vw, 300px\" \/><\/a><\/p>\n","protected":false},"excerpt":{"rendered":"<p>El dia 31 de gener\u00a0 els alumnes de segon A i el dia 21 de febrer, els alumnes de segon B, vam baixar al port de Cambrils a fer una descoberta de la zona. La monitora de l\u2019activitat \u00e9s historiadora i mitjan\u00e7ant fotografies antigues i&hellip;  <a href=\"https:\/\/agora.xtec.cat\/escjoanardevol\/portada\/cicle-inicial-descobrim-el-port-de-cambrils\/\" title=\"Read Cicle Inicial descobrim el port de Cambrils\">Llegeix m\u00e9s\u00bb<\/a><\/p>\n","protected":false},"author":1,"featured_media":4445,"comment_status":"closed","ping_status":"open","sticky":false,"template":"","format":"standard","meta":{"_bbp_topic_count":0,"_bbp_reply_count":0,"_bbp_total_topic_count":0,"_bbp_total_reply_count":0,"_bbp_voice_count":0,"_bbp_anonymous_reply_count":0,"_bbp_topic_count_hidden":0,"_bbp_reply_count_hidden":0,"_bbp_forum_subforum_count":0,"footnotes":""},"categories":[10,11,4,5],"tags":[],"class_list":["post-4444","post","type-post","status-publish","format-standard","has-post-thumbnail","hentry","category-1r","category-2n","category-portada","category-primaria"],"post_mailing_queue_ids":[],"_links":{"self":[{"href":"https:\/\/agora.xtec.cat\/escjoanardevol\/wp-json\/wp\/v2\/posts\/4444","targetHints":{"allow":["GET"]}}],"collection":[{"href":"https:\/\/agora.xtec.cat\/escjoanardevol\/wp-json\/wp\/v2\/posts"}],"about":[{"href":"https:\/\/agora.xtec.cat\/escjoanardevol\/wp-json\/wp\/v2\/types\/post"}],"author":[{"embeddable":true,"href":"https:\/\/agora.xtec.cat\/escjoanardevol\/wp-json\/wp\/v2\/users\/1"}],"replies":[{"embeddable":true,"href":"https:\/\/agora.xtec.cat\/escjoanardevol\/wp-json\/wp\/v2\/comments?post=4444"}],"version-history":[{"count":1,"href":"https:\/\/agora.xtec.cat\/escjoanardevol\/wp-json\/wp\/v2\/posts\/4444\/revisions"}],"predecessor-version":[{"id":4446,"href":"https:\/\/agora.xtec.cat\/escjoanardevol\/wp-json\/wp\/v2\/posts\/4444\/revisions\/4446"}],"wp:featuredmedia":[{"embeddable":true,"href":"https:\/\/agora.xtec.cat\/escjoanardevol\/wp-json\/wp\/v2\/media\/4445"}],"wp:attachment":[{"href":"https:\/\/agora.xtec.cat\/escjoanardevol\/wp-json\/wp\/v2\/media?parent=4444"}],"wp:term":[{"taxonomy":"category","embeddable":true,"href":"https:\/\/agora.xtec.cat\/escjoanardevol\/wp-json\/wp\/v2\/categories?post=4444"},{"taxonomy":"post_tag","embeddable":true,"href":"https:\/\/agora.xtec.cat\/escjoanardevol\/wp-json\/wp\/v2\/tags?post=4444"}],"curies":[{"name":"wp","href":"https:\/\/api.w.org\/{rel}","templated":true}]}}