{"id":4418,"date":"2017-02-15T11:16:30","date_gmt":"2017-02-15T10:16:30","guid":{"rendered":"http:\/\/agora.xtec.cat\/escjoanardevol\/?p=4418"},"modified":"2017-02-15T11:16:30","modified_gmt":"2017-02-15T10:16:30","slug":"cicle-inicial-va-al-teatre","status":"publish","type":"post","link":"https:\/\/agora.xtec.cat\/escjoanardevol\/portada\/cicle-inicial-va-al-teatre\/","title":{"rendered":"Cicle Inicial va al teatre"},"content":{"rendered":"<p>Els alumnes de primer i segon curs vam fer una sortida al Teatre Bartrina de Reus el dia 14 de febrer per tal de veure l\u2019obra: \u201c<strong>Ona la filla del mar<\/strong>\u201d. Ona \u00e9s una sirena que viu al fons del mar. L\u2019obra ens volia transmetre un clar missatge: tenir cura dels animals en perill d\u2019extinci\u00f3, ser conscients de que hem de cuidar el lloc on vivim evitant la ca\u00e7a furtiva, la contaminaci\u00f3 i l\u2019escalfament global del planeta; tot explicat en clau d\u2019humor i amb personatges de carn i ossos que en ocasions prenien la forma d\u2019un titella.<\/p>\n<p>En acabar l\u2019obra v\u00e0rem esmorzar i jugar una estona a la Pla\u00e7a que hi ha al centre comercial El Pallol.<\/p>\n<p>Va ser un dia especial, ple de boniques sensacions.<\/p>\n<p><a href=\"https:\/\/goo.gl\/photos\/MKuV7jjDPn6ww3ft9\" target=\"_blank\"><img loading=\"lazy\" decoding=\"async\" class=\"alignnone wp-image-4419 size-medium\" src=\"http:\/\/agora.xtec.cat\/escjoanardevol\/wp-content\/uploads\/usu550\/2017\/02\/IMG_0030-c\u00f2pia-300x225.jpg\" alt=\"img_0030-copia\" width=\"300\" height=\"225\" srcset=\"https:\/\/agora.xtec.cat\/escjoanardevol\/wp-content\/uploads\/usu550\/2017\/02\/IMG_0030-c\u00f2pia-300x225.jpg 300w, https:\/\/agora.xtec.cat\/escjoanardevol\/wp-content\/uploads\/usu550\/2017\/02\/IMG_0030-c\u00f2pia-768x576.jpg 768w, https:\/\/agora.xtec.cat\/escjoanardevol\/wp-content\/uploads\/usu550\/2017\/02\/IMG_0030-c\u00f2pia-1024x768.jpg 1024w, https:\/\/agora.xtec.cat\/escjoanardevol\/wp-content\/uploads\/usu550\/2017\/02\/IMG_0030-c\u00f2pia-200x150.jpg 200w\" sizes=\"auto, (max-width: 300px) 100vw, 300px\" \/><\/a><\/p>\n","protected":false},"excerpt":{"rendered":"<p>Els alumnes de primer i segon curs vam fer una sortida al Teatre Bartrina de Reus el dia 14 de febrer per tal de veure l\u2019obra: \u201cOna la filla del mar\u201d. Ona \u00e9s una sirena que viu al fons del mar. L\u2019obra ens volia transmetre&hellip;  <a href=\"https:\/\/agora.xtec.cat\/escjoanardevol\/portada\/cicle-inicial-va-al-teatre\/\" title=\"Read Cicle Inicial va al teatre\">Llegeix m\u00e9s\u00bb<\/a><\/p>\n","protected":false},"author":1,"featured_media":4420,"comment_status":"closed","ping_status":"open","sticky":false,"template":"","format":"standard","meta":{"_bbp_topic_count":0,"_bbp_reply_count":0,"_bbp_total_topic_count":0,"_bbp_total_reply_count":0,"_bbp_voice_count":0,"_bbp_anonymous_reply_count":0,"_bbp_topic_count_hidden":0,"_bbp_reply_count_hidden":0,"_bbp_forum_subforum_count":0,"footnotes":""},"categories":[10,11,4],"tags":[75,16,180,187],"class_list":["post-4418","post","type-post","status-publish","format-standard","has-post-thumbnail","hentry","category-1r","category-2n","category-portada","tag-cicle-inicial","tag-sortides","tag-teatre","tag-valors"],"post_mailing_queue_ids":[],"_links":{"self":[{"href":"https:\/\/agora.xtec.cat\/escjoanardevol\/wp-json\/wp\/v2\/posts\/4418","targetHints":{"allow":["GET"]}}],"collection":[{"href":"https:\/\/agora.xtec.cat\/escjoanardevol\/wp-json\/wp\/v2\/posts"}],"about":[{"href":"https:\/\/agora.xtec.cat\/escjoanardevol\/wp-json\/wp\/v2\/types\/post"}],"author":[{"embeddable":true,"href":"https:\/\/agora.xtec.cat\/escjoanardevol\/wp-json\/wp\/v2\/users\/1"}],"replies":[{"embeddable":true,"href":"https:\/\/agora.xtec.cat\/escjoanardevol\/wp-json\/wp\/v2\/comments?post=4418"}],"version-history":[{"count":1,"href":"https:\/\/agora.xtec.cat\/escjoanardevol\/wp-json\/wp\/v2\/posts\/4418\/revisions"}],"predecessor-version":[{"id":4421,"href":"https:\/\/agora.xtec.cat\/escjoanardevol\/wp-json\/wp\/v2\/posts\/4418\/revisions\/4421"}],"wp:featuredmedia":[{"embeddable":true,"href":"https:\/\/agora.xtec.cat\/escjoanardevol\/wp-json\/wp\/v2\/media\/4420"}],"wp:attachment":[{"href":"https:\/\/agora.xtec.cat\/escjoanardevol\/wp-json\/wp\/v2\/media?parent=4418"}],"wp:term":[{"taxonomy":"category","embeddable":true,"href":"https:\/\/agora.xtec.cat\/escjoanardevol\/wp-json\/wp\/v2\/categories?post=4418"},{"taxonomy":"post_tag","embeddable":true,"href":"https:\/\/agora.xtec.cat\/escjoanardevol\/wp-json\/wp\/v2\/tags?post=4418"}],"curies":[{"name":"wp","href":"https:\/\/api.w.org\/{rel}","templated":true}]}}