{"id":4407,"date":"2017-01-27T12:03:20","date_gmt":"2017-01-27T11:03:20","guid":{"rendered":"http:\/\/agora.xtec.cat\/escjoanardevol\/?p=4407"},"modified":"2017-01-27T12:03:20","modified_gmt":"2017-01-27T11:03:20","slug":"concurs-les-piles-a-lapilo-de-lescola","status":"publish","type":"post","link":"https:\/\/agora.xtec.cat\/escjoanardevol\/general\/concurs-les-piles-a-lapilo-de-lescola\/","title":{"rendered":"Concurs: Les piles, a l&#8217;APILO de l&#8217;Escola"},"content":{"rendered":"<p>L&#8217;escola Joan Ard\u00e8vol fa un pas m\u00e9s cap a l&#8217;Escola Verda i es suma a la missi\u00f3 Apilo XII. Es tracta d&#8217;un concurs organitzat pel Departament de Territori i Sostenibilitat, que a trav\u00e9s de l&#8217;Ag\u00e8ncia de Residus de Catalunya i entitats gestores, t\u00e9 com a objectiu promoure el reciclatge de piles usades. De moment ja hi ha inscrites 650 escoles de tot Catalunya. Per a m\u00e9s informaci\u00f3 podeu consultar a: <a href=\"http:\/\/www.apilo.cat\/\">http:\/\/www.apilo.cat\/<\/a>.<\/p>\n<p>El 26 de gener i coincidint amb el \u201cDia Mundial de l\u2019Educaci\u00f3 Ambiental\u201d, va ser el tret de sortida perqu\u00e8 els nostres agents verds iniciessin la recollida de piles per classe. Aquesta missi\u00f3 la duran a terme quinzenalment i elaboraran un gr\u00e0fic en un dels murals de l\u2019escola perqu\u00e8 tots els alumnes i mestres puguin comprovar el volum que es va recollint a l\u2019Apilo de l\u2019escola.<\/p>\n<p>D\u2019altra banda, us volem informar que a la web de l\u2019escola ja podeu visitar el blog d\u2019Escola Verda on podreu fer el seguiment d\u2019aquesta i altres not\u00edcies relacionades amb l\u2019Educaci\u00f3 per a la Sostenibilitat.<\/p>\n<p>I recordeu: Els petits canvis s\u00f3n poderosos!<\/p>\n<p><img loading=\"lazy\" decoding=\"async\" class=\"alignnone wp-image-4408\" src=\"http:\/\/agora.xtec.cat\/escjoanardevol\/wp-content\/uploads\/usu550\/2017\/01\/IMG_20170126_172421-300x168.jpg\" alt=\"img_20170126_172421\" width=\"550\" height=\"309\" srcset=\"https:\/\/agora.xtec.cat\/escjoanardevol\/wp-content\/uploads\/usu550\/2017\/01\/IMG_20170126_172421-300x168.jpg 300w, https:\/\/agora.xtec.cat\/escjoanardevol\/wp-content\/uploads\/usu550\/2017\/01\/IMG_20170126_172421-768x431.jpg 768w, https:\/\/agora.xtec.cat\/escjoanardevol\/wp-content\/uploads\/usu550\/2017\/01\/IMG_20170126_172421-1024x575.jpg 1024w\" sizes=\"auto, (max-width: 550px) 100vw, 550px\" \/><br \/>\n<img loading=\"lazy\" decoding=\"async\" class=\"alignnone wp-image-4409\" src=\"http:\/\/agora.xtec.cat\/escjoanardevol\/wp-content\/uploads\/usu550\/2017\/01\/IMG_20170126_172450-300x168.jpg\" alt=\"img_20170126_172450\" width=\"550\" height=\"309\" srcset=\"https:\/\/agora.xtec.cat\/escjoanardevol\/wp-content\/uploads\/usu550\/2017\/01\/IMG_20170126_172450-300x168.jpg 300w, https:\/\/agora.xtec.cat\/escjoanardevol\/wp-content\/uploads\/usu550\/2017\/01\/IMG_20170126_172450-768x431.jpg 768w, https:\/\/agora.xtec.cat\/escjoanardevol\/wp-content\/uploads\/usu550\/2017\/01\/IMG_20170126_172450-1024x575.jpg 1024w\" sizes=\"auto, (max-width: 550px) 100vw, 550px\" \/><\/p>\n<p><img loading=\"lazy\" decoding=\"async\" class=\"alignnone wp-image-4410\" src=\"http:\/\/agora.xtec.cat\/escjoanardevol\/wp-content\/uploads\/usu550\/2017\/01\/IMG_20170126_173019-168x300.jpg\" alt=\"img_20170126_173019\" width=\"300\" height=\"534\" srcset=\"https:\/\/agora.xtec.cat\/escjoanardevol\/wp-content\/uploads\/usu550\/2017\/01\/IMG_20170126_173019-168x300.jpg 168w, https:\/\/agora.xtec.cat\/escjoanardevol\/wp-content\/uploads\/usu550\/2017\/01\/IMG_20170126_173019-768x1368.jpg 768w, https:\/\/agora.xtec.cat\/escjoanardevol\/wp-content\/uploads\/usu550\/2017\/01\/IMG_20170126_173019-575x1024.jpg 575w, https:\/\/agora.xtec.cat\/escjoanardevol\/wp-content\/uploads\/usu550\/2017\/01\/IMG_20170126_173019.jpg 1168w\" sizes=\"auto, (max-width: 300px) 100vw, 300px\" \/><\/p>\n","protected":false},"excerpt":{"rendered":"<p>L&#8217;escola Joan Ard\u00e8vol fa un pas m\u00e9s cap a l&#8217;Escola Verda i es suma a la missi\u00f3 Apilo XII. Es tracta d&#8217;un concurs organitzat pel Departament de Territori i Sostenibilitat, que a trav\u00e9s de l&#8217;Ag\u00e8ncia de Residus de Catalunya i entitats gestores, t\u00e9 com a&hellip;  <a href=\"https:\/\/agora.xtec.cat\/escjoanardevol\/general\/concurs-les-piles-a-lapilo-de-lescola\/\" title=\"Read Concurs: Les piles, a l&#8217;APILO de l&#8217;Escola\">Llegeix m\u00e9s\u00bb<\/a><\/p>\n","protected":false},"author":3,"featured_media":4411,"comment_status":"closed","ping_status":"open","sticky":false,"template":"","format":"standard","meta":{"_bbp_topic_count":0,"_bbp_reply_count":0,"_bbp_total_topic_count":0,"_bbp_total_reply_count":0,"_bbp_voice_count":0,"_bbp_anonymous_reply_count":0,"_bbp_topic_count_hidden":0,"_bbp_reply_count_hidden":0,"_bbp_forum_subforum_count":0,"footnotes":""},"categories":[206,1,4],"tags":[59,89,108,140,164],"class_list":["post-4407","post","type-post","status-publish","format-standard","has-post-thumbnail","hentry","category-verda","category-general","category-portada","tag-activitats","tag-concursos","tag-escola-verda","tag-medi","tag-reciclatge"],"post_mailing_queue_ids":[],"_links":{"self":[{"href":"https:\/\/agora.xtec.cat\/escjoanardevol\/wp-json\/wp\/v2\/posts\/4407","targetHints":{"allow":["GET"]}}],"collection":[{"href":"https:\/\/agora.xtec.cat\/escjoanardevol\/wp-json\/wp\/v2\/posts"}],"about":[{"href":"https:\/\/agora.xtec.cat\/escjoanardevol\/wp-json\/wp\/v2\/types\/post"}],"author":[{"embeddable":true,"href":"https:\/\/agora.xtec.cat\/escjoanardevol\/wp-json\/wp\/v2\/users\/3"}],"replies":[{"embeddable":true,"href":"https:\/\/agora.xtec.cat\/escjoanardevol\/wp-json\/wp\/v2\/comments?post=4407"}],"version-history":[{"count":1,"href":"https:\/\/agora.xtec.cat\/escjoanardevol\/wp-json\/wp\/v2\/posts\/4407\/revisions"}],"predecessor-version":[{"id":4412,"href":"https:\/\/agora.xtec.cat\/escjoanardevol\/wp-json\/wp\/v2\/posts\/4407\/revisions\/4412"}],"wp:featuredmedia":[{"embeddable":true,"href":"https:\/\/agora.xtec.cat\/escjoanardevol\/wp-json\/wp\/v2\/media\/4411"}],"wp:attachment":[{"href":"https:\/\/agora.xtec.cat\/escjoanardevol\/wp-json\/wp\/v2\/media?parent=4407"}],"wp:term":[{"taxonomy":"category","embeddable":true,"href":"https:\/\/agora.xtec.cat\/escjoanardevol\/wp-json\/wp\/v2\/categories?post=4407"},{"taxonomy":"post_tag","embeddable":true,"href":"https:\/\/agora.xtec.cat\/escjoanardevol\/wp-json\/wp\/v2\/tags?post=4407"}],"curies":[{"name":"wp","href":"https:\/\/api.w.org\/{rel}","templated":true}]}}