{"id":4403,"date":"2017-01-20T11:07:40","date_gmt":"2017-01-20T10:07:40","guid":{"rendered":"http:\/\/agora.xtec.cat\/escjoanardevol\/?p=4403"},"modified":"2017-01-20T11:08:45","modified_gmt":"2017-01-20T10:08:45","slug":"capgira-materies-de-primera-per-productes-excepcionals","status":"publish","type":"post","link":"https:\/\/agora.xtec.cat\/escjoanardevol\/portada\/capgira-materies-de-primera-per-productes-excepcionals\/","title":{"rendered":"Capgira: Mat\u00e8ries de primera per productes excepcionals"},"content":{"rendered":"<p>El passat 16 i 17 de gener els alumnes de Cicle Superior van participar en l&#8217;activitat did\u00e0ctica \u201cCapgira: Mat\u00e8ries de primera per productes excepcionals\u201d. Una proposta l\u00fadica, dinamitzada per Anton Aymem\u00ed,\u00a0 que capgira la idea de recollida selectiva per centrar l&#8217;atenci\u00f3 en l&#8217;excepcionalitat de productes que es poden produir.<\/p>\n<p>Una interessant proposta, din\u00e0mica i participativa, que va captivar els alumnes i els va fer reflexionar sobre un nou punt de vista respecte al reciclatge.<\/p>\n<p>Aqu\u00ed teniu un breu recull fotogr\u00e0fic de l&#8217;experi\u00e8ncia a on a m\u00e9s d&#8217;aprendre, van poder veure i tocar alguns d&#8217;aquests productes excepcionals:<\/p>\n<p><a href=\"https:\/\/goo.gl\/photos\/eut5tnWp4kNVfi9fA\" target=\"_blank\"><img loading=\"lazy\" decoding=\"async\" class=\"alignnone wp-image-4404 size-medium\" src=\"http:\/\/agora.xtec.cat\/escjoanardevol\/wp-content\/uploads\/usu550\/2017\/01\/IMG_20170117_122604-copia-300x269.jpg\" alt=\"img_20170117_122604-copia\" width=\"300\" height=\"269\" srcset=\"https:\/\/agora.xtec.cat\/escjoanardevol\/wp-content\/uploads\/usu550\/2017\/01\/IMG_20170117_122604-copia-300x269.jpg 300w, https:\/\/agora.xtec.cat\/escjoanardevol\/wp-content\/uploads\/usu550\/2017\/01\/IMG_20170117_122604-copia-768x689.jpg 768w, https:\/\/agora.xtec.cat\/escjoanardevol\/wp-content\/uploads\/usu550\/2017\/01\/IMG_20170117_122604-copia-1024x919.jpg 1024w\" sizes=\"auto, (max-width: 300px) 100vw, 300px\" \/><\/a><\/p>\n","protected":false},"excerpt":{"rendered":"<p>El passat 16 i 17 de gener els alumnes de Cicle Superior van participar en l&#8217;activitat did\u00e0ctica \u201cCapgira: Mat\u00e8ries de primera per productes excepcionals\u201d. Una proposta l\u00fadica, dinamitzada per Anton Aymem\u00ed,\u00a0 que capgira la idea de recollida selectiva per centrar l&#8217;atenci\u00f3 en l&#8217;excepcionalitat de productes&hellip;  <a href=\"https:\/\/agora.xtec.cat\/escjoanardevol\/portada\/capgira-materies-de-primera-per-productes-excepcionals\/\" title=\"Read Capgira: Mat\u00e8ries de primera per productes excepcionals\">Llegeix m\u00e9s\u00bb<\/a><\/p>\n","protected":false},"author":3,"featured_media":4406,"comment_status":"closed","ping_status":"open","sticky":false,"template":"","format":"standard","meta":{"_bbp_topic_count":0,"_bbp_reply_count":0,"_bbp_total_topic_count":0,"_bbp_total_reply_count":0,"_bbp_voice_count":0,"_bbp_anonymous_reply_count":0,"_bbp_topic_count_hidden":0,"_bbp_reply_count_hidden":0,"_bbp_forum_subforum_count":0,"footnotes":""},"categories":[14,15,206,4],"tags":[59,77,94,108,140,164,187],"class_list":["post-4403","post","type-post","status-publish","format-standard","has-post-thumbnail","hentry","category-5e","category-6e","category-verda","category-portada","tag-activitats","tag-cicle-superior-2","tag-cooperacio","tag-escola-verda","tag-medi","tag-reciclatge","tag-valors"],"post_mailing_queue_ids":[],"_links":{"self":[{"href":"https:\/\/agora.xtec.cat\/escjoanardevol\/wp-json\/wp\/v2\/posts\/4403","targetHints":{"allow":["GET"]}}],"collection":[{"href":"https:\/\/agora.xtec.cat\/escjoanardevol\/wp-json\/wp\/v2\/posts"}],"about":[{"href":"https:\/\/agora.xtec.cat\/escjoanardevol\/wp-json\/wp\/v2\/types\/post"}],"author":[{"embeddable":true,"href":"https:\/\/agora.xtec.cat\/escjoanardevol\/wp-json\/wp\/v2\/users\/3"}],"replies":[{"embeddable":true,"href":"https:\/\/agora.xtec.cat\/escjoanardevol\/wp-json\/wp\/v2\/comments?post=4403"}],"version-history":[{"count":1,"href":"https:\/\/agora.xtec.cat\/escjoanardevol\/wp-json\/wp\/v2\/posts\/4403\/revisions"}],"predecessor-version":[{"id":4405,"href":"https:\/\/agora.xtec.cat\/escjoanardevol\/wp-json\/wp\/v2\/posts\/4403\/revisions\/4405"}],"wp:featuredmedia":[{"embeddable":true,"href":"https:\/\/agora.xtec.cat\/escjoanardevol\/wp-json\/wp\/v2\/media\/4406"}],"wp:attachment":[{"href":"https:\/\/agora.xtec.cat\/escjoanardevol\/wp-json\/wp\/v2\/media?parent=4403"}],"wp:term":[{"taxonomy":"category","embeddable":true,"href":"https:\/\/agora.xtec.cat\/escjoanardevol\/wp-json\/wp\/v2\/categories?post=4403"},{"taxonomy":"post_tag","embeddable":true,"href":"https:\/\/agora.xtec.cat\/escjoanardevol\/wp-json\/wp\/v2\/tags?post=4403"}],"curies":[{"name":"wp","href":"https:\/\/api.w.org\/{rel}","templated":true}]}}