{"id":4391,"date":"2017-01-16T17:22:18","date_gmt":"2017-01-16T16:22:18","guid":{"rendered":"http:\/\/agora.xtec.cat\/escjoanardevol\/?p=4391"},"modified":"2017-01-17T16:48:41","modified_gmt":"2017-01-17T15:48:41","slug":"cicle-inicial-descobreix-els-camins-de-ferro","status":"publish","type":"post","link":"https:\/\/agora.xtec.cat\/escjoanardevol\/portada\/cicle-inicial-descobreix-els-camins-de-ferro\/","title":{"rendered":"Cicle Inicial descobreix els &#8220;Camins de ferro&#8221;"},"content":{"rendered":"<p>El divendres dia 13 vam baixar a l&#8217;Ajuntament de Cambrils per tal de visitar l&#8217;Arxiu municipal. All\u00ed en Pedro ens va explicar quan s&#8217;havia creat l&#8217;estaci\u00f3 de tren a Cambrils, els tipus de trens de hi havia i els canvis que s&#8217;han produ\u00eft en m\u00e9s d&#8217;un segle.<\/p>\n<p>A trav\u00e9s de fotografies antigues vam fer una descoberta: que temps enrere havia existit un tren que anava arran de costa. Aquesta via es va construir per poder transportar pedra de la pedrera del Cap de Salou fins a Cambrils per tal de construir el Port.<\/p>\n<p>Podeu veure la galeria\u00a0si feu clic damunt la foto:<\/p>\n<p><a href=\"https:\/\/goo.gl\/photos\/qTLBoM1pSsRVrR4H8\" target=\"_blank\"><img loading=\"lazy\" decoding=\"async\" class=\"alignnone wp-image-4392 size-medium\" src=\"http:\/\/agora.xtec.cat\/escjoanardevol\/wp-content\/uploads\/usu550\/2017\/01\/IMG_0029-copia-300x225.jpg\" alt=\"img_0029-copia\" width=\"300\" height=\"225\" srcset=\"https:\/\/agora.xtec.cat\/escjoanardevol\/wp-content\/uploads\/usu550\/2017\/01\/IMG_0029-copia-300x225.jpg 300w, https:\/\/agora.xtec.cat\/escjoanardevol\/wp-content\/uploads\/usu550\/2017\/01\/IMG_0029-copia-768x576.jpg 768w, https:\/\/agora.xtec.cat\/escjoanardevol\/wp-content\/uploads\/usu550\/2017\/01\/IMG_0029-copia-1024x768.jpg 1024w, https:\/\/agora.xtec.cat\/escjoanardevol\/wp-content\/uploads\/usu550\/2017\/01\/IMG_0029-copia-200x150.jpg 200w, https:\/\/agora.xtec.cat\/escjoanardevol\/wp-content\/uploads\/usu550\/2017\/01\/IMG_0029-copia.jpg 1701w\" sizes=\"auto, (max-width: 300px) 100vw, 300px\" \/><\/a><\/p>\n<p>El diari de Cambrils tamb\u00e9 se&#8217;n va fer ress\u00f2:<\/p>\n<p><a href=\"http:\/\/delcamp.cat\/cambrilsdiari\/noticia\/2359\/un-grup-dalumnes-de-lescola-joan-ardevol-descobreix-els-camins-de-ferro\" target=\"_blank\"><img loading=\"lazy\" decoding=\"async\" class=\"alignnone wp-image-4396 size-medium\" src=\"http:\/\/agora.xtec.cat\/escjoanardevol\/wp-content\/uploads\/usu550\/2017\/01\/cambrilsdiari2-300x51.gif\" alt=\"cambrilsdiari2\" width=\"300\" height=\"51\" \/><\/a><\/p>\n<p>A m\u00e9s, vam poder fer una entrevista al Pedro, al qual li agra\u00efm molt l&#8217;atenci\u00f3 que ens va donar. L&#8217;entrevista la podreu escoltar a R\u00e0dio Pinaret:<\/p>\n<p><a href=\"https:\/\/blocs.xtec.cat\/radiopinaret\/2017\/01\/12\/entrevista-amb-en-pedro-responsable-de-larxiu-municipal-de-cambrils\/\" target=\"_blank\"><img loading=\"lazy\" decoding=\"async\" class=\"alignnone wp-image-3828 size-full\" src=\"http:\/\/agora.xtec.cat\/escjoanardevol\/wp-content\/uploads\/usu550\/2016\/09\/bannerRadioPinaret280.jpg\" alt=\"bannerRadioPinaret280\" width=\"280\" height=\"104\" \/><\/a><a href=\"https:\/\/blocs.xtec.cat\/radiopinaret\/2017\/01\/12\/entrevista-amb-en-pedro-responsable-de-larxiu-municipal-de-cambrils\/\" target=\"_blank\"><img loading=\"lazy\" decoding=\"async\" class=\"alignnone wp-image-4399 size-medium\" src=\"http:\/\/agora.xtec.cat\/escjoanardevol\/wp-content\/uploads\/usu550\/2017\/01\/camins-de-ferro-radio-300x99.jpg\" alt=\"camins-de-ferro-radio\" width=\"300\" height=\"99\" srcset=\"https:\/\/agora.xtec.cat\/escjoanardevol\/wp-content\/uploads\/usu550\/2017\/01\/camins-de-ferro-radio-300x99.jpg 300w, https:\/\/agora.xtec.cat\/escjoanardevol\/wp-content\/uploads\/usu550\/2017\/01\/camins-de-ferro-radio.jpg 503w\" sizes=\"auto, (max-width: 300px) 100vw, 300px\" \/><\/a><\/p>\n","protected":false},"excerpt":{"rendered":"<p>El divendres dia 13 vam baixar a l&#8217;Ajuntament de Cambrils per tal de visitar l&#8217;Arxiu municipal. All\u00ed en Pedro ens va explicar quan s&#8217;havia creat l&#8217;estaci\u00f3 de tren a Cambrils, els tipus de trens de hi havia i els canvis que s&#8217;han produ\u00eft en m\u00e9s&hellip;  <a href=\"https:\/\/agora.xtec.cat\/escjoanardevol\/portada\/cicle-inicial-descobreix-els-camins-de-ferro\/\" title=\"Read Cicle Inicial descobreix els &#8220;Camins de ferro&#8221;\">Llegeix m\u00e9s\u00bb<\/a><\/p>\n","protected":false},"author":3,"featured_media":4392,"comment_status":"closed","ping_status":"open","sticky":false,"template":"","format":"standard","meta":{"_bbp_topic_count":0,"_bbp_reply_count":0,"_bbp_total_topic_count":0,"_bbp_total_reply_count":0,"_bbp_voice_count":0,"_bbp_anonymous_reply_count":0,"_bbp_topic_count_hidden":0,"_bbp_reply_count_hidden":0,"_bbp_forum_subforum_count":0,"footnotes":""},"categories":[10,11,4,197],"tags":[59,69,75,133,140,144,16],"class_list":["post-4391","post","type-post","status-publish","format-standard","has-post-thumbnail","hentry","category-1r","category-2n","category-portada","category-radio","tag-activitats","tag-cambrils","tag-cicle-inicial","tag-llibres","tag-medi","tag-museus","tag-sortides"],"post_mailing_queue_ids":[],"_links":{"self":[{"href":"https:\/\/agora.xtec.cat\/escjoanardevol\/wp-json\/wp\/v2\/posts\/4391","targetHints":{"allow":["GET"]}}],"collection":[{"href":"https:\/\/agora.xtec.cat\/escjoanardevol\/wp-json\/wp\/v2\/posts"}],"about":[{"href":"https:\/\/agora.xtec.cat\/escjoanardevol\/wp-json\/wp\/v2\/types\/post"}],"author":[{"embeddable":true,"href":"https:\/\/agora.xtec.cat\/escjoanardevol\/wp-json\/wp\/v2\/users\/3"}],"replies":[{"embeddable":true,"href":"https:\/\/agora.xtec.cat\/escjoanardevol\/wp-json\/wp\/v2\/comments?post=4391"}],"version-history":[{"count":3,"href":"https:\/\/agora.xtec.cat\/escjoanardevol\/wp-json\/wp\/v2\/posts\/4391\/revisions"}],"predecessor-version":[{"id":4400,"href":"https:\/\/agora.xtec.cat\/escjoanardevol\/wp-json\/wp\/v2\/posts\/4391\/revisions\/4400"}],"wp:featuredmedia":[{"embeddable":true,"href":"https:\/\/agora.xtec.cat\/escjoanardevol\/wp-json\/wp\/v2\/media\/4392"}],"wp:attachment":[{"href":"https:\/\/agora.xtec.cat\/escjoanardevol\/wp-json\/wp\/v2\/media?parent=4391"}],"wp:term":[{"taxonomy":"category","embeddable":true,"href":"https:\/\/agora.xtec.cat\/escjoanardevol\/wp-json\/wp\/v2\/categories?post=4391"},{"taxonomy":"post_tag","embeddable":true,"href":"https:\/\/agora.xtec.cat\/escjoanardevol\/wp-json\/wp\/v2\/tags?post=4391"}],"curies":[{"name":"wp","href":"https:\/\/api.w.org\/{rel}","templated":true}]}}