{"id":4345,"date":"2016-12-22T13:31:05","date_gmt":"2016-12-22T12:31:05","guid":{"rendered":"http:\/\/agora.xtec.cat\/escjoanardevol\/?p=4345"},"modified":"2016-12-24T09:40:37","modified_gmt":"2016-12-24T08:40:37","slug":"festival-de-nadal-2","status":"publish","type":"post","link":"https:\/\/agora.xtec.cat\/escjoanardevol\/infantil\/festival-de-nadal-2\/","title":{"rendered":"Festival de Nadal 2016"},"content":{"rendered":"<p>El dimecres, 21 de desembre vam fer el festival de Nadal. Pel mat\u00ed les actuacions van anar a c\u00e0rrec dels alumnes de Cicle Mitj\u00e0 i Cicle Superior. Per la tarda, vam gaudir de les can\u00e7ons i poemes dels alumnes d&#8217;Educaci\u00f3 Infantil i cicle Inicial. Va ser un gran \u00e8xit aplaudit pels familiars.<\/p>\n<p>El dijous pel mat\u00ed vam fer el festival per a tots els alumnes. Va ser una gran festa i ens vam desitjar tots un bon Nadal i un bon 2017.<\/p>\n<p><a href=\"https:\/\/goo.gl\/photos\/Xcb6HNAYymaguNtz6\" target=\"_blank\"><img loading=\"lazy\" decoding=\"async\" class=\"alignnone wp-image-4346 size-medium\" src=\"http:\/\/agora.xtec.cat\/escjoanardevol\/wp-content\/uploads\/usu550\/2016\/12\/festival-nadal-300x225.jpg\" alt=\"festival-nadal\" width=\"300\" height=\"225\" srcset=\"https:\/\/agora.xtec.cat\/escjoanardevol\/wp-content\/uploads\/usu550\/2016\/12\/festival-nadal-300x225.jpg 300w, https:\/\/agora.xtec.cat\/escjoanardevol\/wp-content\/uploads\/usu550\/2016\/12\/festival-nadal-200x150.jpg 200w, https:\/\/agora.xtec.cat\/escjoanardevol\/wp-content\/uploads\/usu550\/2016\/12\/festival-nadal.jpg 640w\" sizes=\"auto, (max-width: 300px) 100vw, 300px\" \/><\/a><\/p>\n","protected":false},"excerpt":{"rendered":"<p>El dimecres, 21 de desembre vam fer el festival de Nadal. Pel mat\u00ed les actuacions van anar a c\u00e0rrec dels alumnes de Cicle Mitj\u00e0 i Cicle Superior. Per la tarda, vam gaudir de les can\u00e7ons i poemes dels alumnes d&#8217;Educaci\u00f3 Infantil i cicle Inicial. Va&hellip;  <a href=\"https:\/\/agora.xtec.cat\/escjoanardevol\/infantil\/festival-de-nadal-2\/\" title=\"Read Festival de Nadal 2016\">Llegeix m\u00e9s\u00bb<\/a><\/p>\n","protected":false},"author":3,"featured_media":4346,"comment_status":"closed","ping_status":"open","sticky":false,"template":"","format":"standard","meta":{"_bbp_topic_count":0,"_bbp_reply_count":0,"_bbp_total_topic_count":0,"_bbp_total_reply_count":0,"_bbp_voice_count":0,"_bbp_anonymous_reply_count":0,"_bbp_topic_count_hidden":0,"_bbp_reply_count_hidden":0,"_bbp_forum_subforum_count":0,"footnotes":""},"categories":[10,11,12,13,14,15,2,3,8,9,4,5],"tags":[59,75,76,77,103,115,146],"class_list":["post-4345","post","type-post","status-publish","format-standard","has-post-thumbnail","hentry","category-1r","category-2n","category-3r","category-4t","category-5e","category-6e","category-infantil","category-p3","category-p4","category-p5","category-portada","category-primaria","tag-activitats","tag-cicle-inicial","tag-cicle-mitja","tag-cicle-superior-2","tag-educacio-infantil","tag-festes","tag-nadal"],"post_mailing_queue_ids":[],"_links":{"self":[{"href":"https:\/\/agora.xtec.cat\/escjoanardevol\/wp-json\/wp\/v2\/posts\/4345","targetHints":{"allow":["GET"]}}],"collection":[{"href":"https:\/\/agora.xtec.cat\/escjoanardevol\/wp-json\/wp\/v2\/posts"}],"about":[{"href":"https:\/\/agora.xtec.cat\/escjoanardevol\/wp-json\/wp\/v2\/types\/post"}],"author":[{"embeddable":true,"href":"https:\/\/agora.xtec.cat\/escjoanardevol\/wp-json\/wp\/v2\/users\/3"}],"replies":[{"embeddable":true,"href":"https:\/\/agora.xtec.cat\/escjoanardevol\/wp-json\/wp\/v2\/comments?post=4345"}],"version-history":[{"count":2,"href":"https:\/\/agora.xtec.cat\/escjoanardevol\/wp-json\/wp\/v2\/posts\/4345\/revisions"}],"predecessor-version":[{"id":4348,"href":"https:\/\/agora.xtec.cat\/escjoanardevol\/wp-json\/wp\/v2\/posts\/4345\/revisions\/4348"}],"wp:featuredmedia":[{"embeddable":true,"href":"https:\/\/agora.xtec.cat\/escjoanardevol\/wp-json\/wp\/v2\/media\/4346"}],"wp:attachment":[{"href":"https:\/\/agora.xtec.cat\/escjoanardevol\/wp-json\/wp\/v2\/media?parent=4345"}],"wp:term":[{"taxonomy":"category","embeddable":true,"href":"https:\/\/agora.xtec.cat\/escjoanardevol\/wp-json\/wp\/v2\/categories?post=4345"},{"taxonomy":"post_tag","embeddable":true,"href":"https:\/\/agora.xtec.cat\/escjoanardevol\/wp-json\/wp\/v2\/tags?post=4345"}],"curies":[{"name":"wp","href":"https:\/\/api.w.org\/{rel}","templated":true}]}}