{"id":4336,"date":"2016-12-20T09:18:23","date_gmt":"2016-12-20T08:18:23","guid":{"rendered":"http:\/\/agora.xtec.cat\/escjoanardevol\/?p=4336"},"modified":"2016-12-22T23:22:08","modified_gmt":"2016-12-22T22:22:08","slug":"juguem-junts","status":"publish","type":"post","link":"https:\/\/agora.xtec.cat\/escjoanardevol\/infantil\/juguem-junts\/","title":{"rendered":"Juguem junts"},"content":{"rendered":"<p>El passat dijous dia 15 de desembre tot l\u2019alumnat de la nostra escola va participar una jornada l\u00fadica, activitat emmarcada dintre del projecte de conviv\u00e8ncia que aquest any duen a terme les <strong>Comissions de Conviv\u00e8ncia i Pati<\/strong>. Els nens i les nenes de 6\u00e8 van ser els encarregats d\u2019ensenyar els diferents jocs de pati als seus companys i companyes, i ho van fer d\u2019all\u00f2 m\u00e9s b\u00e9. Felicitats!<\/p>\n<p><a href=\"https:\/\/goo.gl\/photos\/G4Lxq1AmgG3K9n7H6\" target=\"_blank\"><img loading=\"lazy\" decoding=\"async\" class=\"alignnone wp-image-4337 size-medium\" src=\"http:\/\/agora.xtec.cat\/escjoanardevol\/wp-content\/uploads\/usu550\/2016\/12\/Ardevol_Gimcana-001-300x225.jpg\" alt=\"ardevol_gimcana-001\" width=\"300\" height=\"225\" srcset=\"https:\/\/agora.xtec.cat\/escjoanardevol\/wp-content\/uploads\/usu550\/2016\/12\/Ardevol_Gimcana-001-300x225.jpg 300w, https:\/\/agora.xtec.cat\/escjoanardevol\/wp-content\/uploads\/usu550\/2016\/12\/Ardevol_Gimcana-001-768x576.jpg 768w, https:\/\/agora.xtec.cat\/escjoanardevol\/wp-content\/uploads\/usu550\/2016\/12\/Ardevol_Gimcana-001.jpg 1024w, https:\/\/agora.xtec.cat\/escjoanardevol\/wp-content\/uploads\/usu550\/2016\/12\/Ardevol_Gimcana-001-200x150.jpg 200w\" sizes=\"auto, (max-width: 300px) 100vw, 300px\" \/><\/a><\/p>\n","protected":false},"excerpt":{"rendered":"<p>El passat dijous dia 15 de desembre tot l\u2019alumnat de la nostra escola va participar una jornada l\u00fadica, activitat emmarcada dintre del projecte de conviv\u00e8ncia que aquest any duen a terme les Comissions de Conviv\u00e8ncia i Pati. Els nens i les nenes de 6\u00e8 van&hellip;  <a href=\"https:\/\/agora.xtec.cat\/escjoanardevol\/infantil\/juguem-junts\/\" title=\"Read Juguem junts\">Llegeix m\u00e9s\u00bb<\/a><\/p>\n","protected":false},"author":3,"featured_media":4337,"comment_status":"closed","ping_status":"open","sticky":false,"template":"","format":"standard","meta":{"_bbp_topic_count":0,"_bbp_reply_count":0,"_bbp_total_topic_count":0,"_bbp_total_reply_count":0,"_bbp_voice_count":0,"_bbp_anonymous_reply_count":0,"_bbp_topic_count_hidden":0,"_bbp_reply_count_hidden":0,"_bbp_forum_subforum_count":0,"footnotes":""},"categories":[10,11,12,13,14,15,2,3,8,9,4,5],"tags":[59,75,76,77,93,94,103,207,187],"class_list":["post-4336","post","type-post","status-publish","format-standard","has-post-thumbnail","hentry","category-1r","category-2n","category-3r","category-4t","category-5e","category-6e","category-infantil","category-p3","category-p4","category-p5","category-portada","category-primaria","tag-activitats","tag-cicle-inicial","tag-cicle-mitja","tag-cicle-superior-2","tag-convivencia","tag-cooperacio","tag-educacio-infantil","tag-pati","tag-valors"],"post_mailing_queue_ids":[],"_links":{"self":[{"href":"https:\/\/agora.xtec.cat\/escjoanardevol\/wp-json\/wp\/v2\/posts\/4336","targetHints":{"allow":["GET"]}}],"collection":[{"href":"https:\/\/agora.xtec.cat\/escjoanardevol\/wp-json\/wp\/v2\/posts"}],"about":[{"href":"https:\/\/agora.xtec.cat\/escjoanardevol\/wp-json\/wp\/v2\/types\/post"}],"author":[{"embeddable":true,"href":"https:\/\/agora.xtec.cat\/escjoanardevol\/wp-json\/wp\/v2\/users\/3"}],"replies":[{"embeddable":true,"href":"https:\/\/agora.xtec.cat\/escjoanardevol\/wp-json\/wp\/v2\/comments?post=4336"}],"version-history":[{"count":1,"href":"https:\/\/agora.xtec.cat\/escjoanardevol\/wp-json\/wp\/v2\/posts\/4336\/revisions"}],"predecessor-version":[{"id":4338,"href":"https:\/\/agora.xtec.cat\/escjoanardevol\/wp-json\/wp\/v2\/posts\/4336\/revisions\/4338"}],"wp:featuredmedia":[{"embeddable":true,"href":"https:\/\/agora.xtec.cat\/escjoanardevol\/wp-json\/wp\/v2\/media\/4337"}],"wp:attachment":[{"href":"https:\/\/agora.xtec.cat\/escjoanardevol\/wp-json\/wp\/v2\/media?parent=4336"}],"wp:term":[{"taxonomy":"category","embeddable":true,"href":"https:\/\/agora.xtec.cat\/escjoanardevol\/wp-json\/wp\/v2\/categories?post=4336"},{"taxonomy":"post_tag","embeddable":true,"href":"https:\/\/agora.xtec.cat\/escjoanardevol\/wp-json\/wp\/v2\/tags?post=4336"}],"curies":[{"name":"wp","href":"https:\/\/api.w.org\/{rel}","templated":true}]}}