{"id":4329,"date":"2016-12-16T18:27:20","date_gmt":"2016-12-16T17:27:20","guid":{"rendered":"http:\/\/agora.xtec.cat\/escjoanardevol\/?p=4329"},"modified":"2020-09-06T17:44:11","modified_gmt":"2020-09-06T15:44:11","slug":"marato-tv3-2","status":"publish","type":"post","link":"https:\/\/agora.xtec.cat\/escjoanardevol\/infantil\/marato-tv3-2\/","title":{"rendered":"Marat\u00f3 TV3 2016"},"content":{"rendered":"<p>Un any m\u00e9s, l&#8217;escola ha participat a la Marat\u00f3 de TV3. Enguany anava destinada a la recerca en l&#8217;ictus i les lesions medul\u00b7lars i cerebrals traum\u00e0tiques. Els nostres alumnes han fet manualitats que les fam\u00edlies han adquirit mitjan\u00e7ant donatius. L&#8217;AMPA ha col\u00b7laborat amb un berenar solidari i el menjador tamb\u00e9 fent un esmorzar.<\/p>\n<p>Les manualitats que han fet els diversos nivells s\u00f3n:<\/p>\n<table>\n<tbody>\n<tr>\n<td>P3<\/td>\n<td>Bola de Nadal per penjar a l\u2019arbre amb foto.<\/td>\n<\/tr>\n<tr>\n<td>P4<\/td>\n<td>Arbre avet de sobretaula.<\/td>\n<\/tr>\n<tr>\n<td>P5<\/td>\n<td>Bola de Nadal amb pasta de sopa.<\/td>\n<\/tr>\n<tr>\n<td>1r<\/td>\n<td>Penjoll per arbre fet amb pasta de modelar.<\/td>\n<\/tr>\n<tr>\n<td>2n<\/td>\n<td>Estrella fuga\u00e7 amb paper WC.<\/td>\n<\/tr>\n<tr>\n<td>3r<\/td>\n<td>Decoraci\u00f3 bosses regal.<\/td>\n<\/tr>\n<tr>\n<td>4t<\/td>\n<td>Marc de fotos.<\/td>\n<\/tr>\n<tr>\n<td>5\u00e8<\/td>\n<td>Pots de vidre decorat.<\/td>\n<\/tr>\n<tr>\n<td>6\u00e8<\/td>\n<td>Ren-pinya per penjar a l&#8217;arbre.<\/td>\n<\/tr>\n<\/tbody>\n<\/table>\n<p>&nbsp;<\/p>\n<p><a href=\"https:\/\/goo.gl\/photos\/FC5LWxXxeekhg98D8\" target=\"_blank\" rel=\"noopener noreferrer\"><img loading=\"lazy\" decoding=\"async\" class=\"alignnone wp-image-4330 size-medium\" src=\"http:\/\/agora.xtec.cat\/escjoanardevol\/wp-content\/uploads\/usu550\/2016\/12\/DSC_0645-c\u00f2pia-300x200.jpg\" alt=\"dsc_0645-copia\" width=\"300\" height=\"200\" srcset=\"https:\/\/agora.xtec.cat\/escjoanardevol\/wp-content\/uploads\/usu550\/2016\/12\/DSC_0645-c\u00f2pia-300x200.jpg 300w, https:\/\/agora.xtec.cat\/escjoanardevol\/wp-content\/uploads\/usu550\/2016\/12\/DSC_0645-c\u00f2pia-768x512.jpg 768w, https:\/\/agora.xtec.cat\/escjoanardevol\/wp-content\/uploads\/usu550\/2016\/12\/DSC_0645-c\u00f2pia-1024x683.jpg 1024w\" sizes=\"auto, (max-width: 300px) 100vw, 300px\" \/><\/a><\/p>\n","protected":false},"excerpt":{"rendered":"<p>Un any m\u00e9s, l&#8217;escola ha participat a la Marat\u00f3 de TV3. Enguany anava destinada a la recerca en l&#8217;ictus i les lesions medul\u00b7lars i cerebrals traum\u00e0tiques. Els nostres alumnes han fet manualitats que les fam\u00edlies han adquirit mitjan\u00e7ant donatius. L&#8217;AMPA ha col\u00b7laborat amb un berenar&hellip;  <a href=\"https:\/\/agora.xtec.cat\/escjoanardevol\/infantil\/marato-tv3-2\/\" title=\"Read Marat\u00f3 TV3 2016\">Llegeix m\u00e9s\u00bb<\/a><\/p>\n","protected":false},"author":3,"featured_media":4330,"comment_status":"closed","ping_status":"closed","sticky":false,"template":"","format":"standard","meta":{"_bbp_topic_count":0,"_bbp_reply_count":0,"_bbp_total_topic_count":0,"_bbp_total_reply_count":0,"_bbp_voice_count":0,"_bbp_anonymous_reply_count":0,"_bbp_topic_count_hidden":0,"_bbp_reply_count_hidden":0,"_bbp_forum_subforum_count":0,"footnotes":""},"categories":[2,4,5],"tags":[59,75,76,77,93,94,103,138,146,187],"class_list":["post-4329","post","type-post","status-publish","format-standard","has-post-thumbnail","hentry","category-infantil","category-portada","category-primaria","tag-activitats","tag-cicle-inicial","tag-cicle-mitja","tag-cicle-superior-2","tag-convivencia","tag-cooperacio","tag-educacio-infantil","tag-marato","tag-nadal","tag-valors"],"post_mailing_queue_ids":[],"_links":{"self":[{"href":"https:\/\/agora.xtec.cat\/escjoanardevol\/wp-json\/wp\/v2\/posts\/4329","targetHints":{"allow":["GET"]}}],"collection":[{"href":"https:\/\/agora.xtec.cat\/escjoanardevol\/wp-json\/wp\/v2\/posts"}],"about":[{"href":"https:\/\/agora.xtec.cat\/escjoanardevol\/wp-json\/wp\/v2\/types\/post"}],"author":[{"embeddable":true,"href":"https:\/\/agora.xtec.cat\/escjoanardevol\/wp-json\/wp\/v2\/users\/3"}],"replies":[{"embeddable":true,"href":"https:\/\/agora.xtec.cat\/escjoanardevol\/wp-json\/wp\/v2\/comments?post=4329"}],"version-history":[{"count":3,"href":"https:\/\/agora.xtec.cat\/escjoanardevol\/wp-json\/wp\/v2\/posts\/4329\/revisions"}],"predecessor-version":[{"id":7285,"href":"https:\/\/agora.xtec.cat\/escjoanardevol\/wp-json\/wp\/v2\/posts\/4329\/revisions\/7285"}],"wp:featuredmedia":[{"embeddable":true,"href":"https:\/\/agora.xtec.cat\/escjoanardevol\/wp-json\/wp\/v2\/media\/4330"}],"wp:attachment":[{"href":"https:\/\/agora.xtec.cat\/escjoanardevol\/wp-json\/wp\/v2\/media?parent=4329"}],"wp:term":[{"taxonomy":"category","embeddable":true,"href":"https:\/\/agora.xtec.cat\/escjoanardevol\/wp-json\/wp\/v2\/categories?post=4329"},{"taxonomy":"post_tag","embeddable":true,"href":"https:\/\/agora.xtec.cat\/escjoanardevol\/wp-json\/wp\/v2\/tags?post=4329"}],"curies":[{"name":"wp","href":"https:\/\/api.w.org\/{rel}","templated":true}]}}