{"id":4314,"date":"2016-12-15T13:50:42","date_gmt":"2016-12-15T12:50:42","guid":{"rendered":"http:\/\/agora.xtec.cat\/escjoanardevol\/?p=4314"},"modified":"2016-12-15T17:16:00","modified_gmt":"2016-12-15T16:16:00","slug":"missio-apilo","status":"publish","type":"post","link":"https:\/\/agora.xtec.cat\/escjoanardevol\/infantil\/missio-apilo\/","title":{"rendered":"Missi\u00f3 Apilo"},"content":{"rendered":"<p>Des d<strong><span style=\"color: #008000;\">&#8216;escola verda<\/span><\/strong> us volem informar que els agents verds tenen una nova missi\u00f3.<br \/>\nA l&#8217;escola participarem en un concurs a nivell de Catalunya, l&#8217;<strong>Apilo<\/strong>. Per aquest motiu els agents informaran a les classes el que caldr\u00e0 fer.<br \/>\nA m\u00e9s, us han preparat un v\u00eddeo explicatiu.Tamb\u00e9 podeu entrar a la web <strong><a href=\"http:\/\/www.apilo.cat\/\" target=\"_blank\">http:\/\/www.apilo.cat\/ <\/a><\/strong>on trobareu un v\u00eddeo en forma de conte per explicar la import\u00e0ncia de reciclar les piles!<\/p>\n<p><a href=\"https:\/\/goo.gl\/photos\/9D37FbKk9DkVYq1w8\" target=\"_blank\"><img loading=\"lazy\" decoding=\"async\" class=\"alignnone wp-image-4317 size-medium\" src=\"http:\/\/agora.xtec.cat\/escjoanardevol\/wp-content\/uploads\/usu550\/2016\/12\/apilo-1-300x169.jpg\" alt=\"apilo\" width=\"300\" height=\"169\" srcset=\"https:\/\/agora.xtec.cat\/escjoanardevol\/wp-content\/uploads\/usu550\/2016\/12\/apilo-1-300x169.jpg 300w, https:\/\/agora.xtec.cat\/escjoanardevol\/wp-content\/uploads\/usu550\/2016\/12\/apilo-1.jpg 624w\" sizes=\"auto, (max-width: 300px) 100vw, 300px\" \/><\/a><\/p>\n","protected":false},"excerpt":{"rendered":"<p>Des d&#8216;escola verda us volem informar que els agents verds tenen una nova missi\u00f3.<br \/>\nA l&#8217;escola participarem en un concurs a nivell de Catalunya, l&#8217;Apilo. Per aquest motiu els agents informaran a les classes el que caldr\u00e0 fer.<br \/>\nA m\u00e9s, us han preparat un v\u00eddeo explicatiu.Tamb\u00e9 podeu&hellip;  <a href=\"https:\/\/agora.xtec.cat\/escjoanardevol\/infantil\/missio-apilo\/\" title=\"Read Missi\u00f3 Apilo\">Llegeix m\u00e9s\u00bb<\/a><\/p>\n","protected":false},"author":3,"featured_media":4316,"comment_status":"closed","ping_status":"open","sticky":false,"template":"","format":"standard","meta":{"_bbp_topic_count":0,"_bbp_reply_count":0,"_bbp_total_topic_count":0,"_bbp_total_reply_count":0,"_bbp_voice_count":0,"_bbp_anonymous_reply_count":0,"_bbp_topic_count_hidden":0,"_bbp_reply_count_hidden":0,"_bbp_forum_subforum_count":0,"footnotes":""},"categories":[206,2,4,5],"tags":[59,89,108,164,187],"class_list":["post-4314","post","type-post","status-publish","format-standard","has-post-thumbnail","hentry","category-verda","category-infantil","category-portada","category-primaria","tag-activitats","tag-concursos","tag-escola-verda","tag-reciclatge","tag-valors"],"post_mailing_queue_ids":[],"_links":{"self":[{"href":"https:\/\/agora.xtec.cat\/escjoanardevol\/wp-json\/wp\/v2\/posts\/4314","targetHints":{"allow":["GET"]}}],"collection":[{"href":"https:\/\/agora.xtec.cat\/escjoanardevol\/wp-json\/wp\/v2\/posts"}],"about":[{"href":"https:\/\/agora.xtec.cat\/escjoanardevol\/wp-json\/wp\/v2\/types\/post"}],"author":[{"embeddable":true,"href":"https:\/\/agora.xtec.cat\/escjoanardevol\/wp-json\/wp\/v2\/users\/3"}],"replies":[{"embeddable":true,"href":"https:\/\/agora.xtec.cat\/escjoanardevol\/wp-json\/wp\/v2\/comments?post=4314"}],"version-history":[{"count":3,"href":"https:\/\/agora.xtec.cat\/escjoanardevol\/wp-json\/wp\/v2\/posts\/4314\/revisions"}],"predecessor-version":[{"id":4323,"href":"https:\/\/agora.xtec.cat\/escjoanardevol\/wp-json\/wp\/v2\/posts\/4314\/revisions\/4323"}],"wp:featuredmedia":[{"embeddable":true,"href":"https:\/\/agora.xtec.cat\/escjoanardevol\/wp-json\/wp\/v2\/media\/4316"}],"wp:attachment":[{"href":"https:\/\/agora.xtec.cat\/escjoanardevol\/wp-json\/wp\/v2\/media?parent=4314"}],"wp:term":[{"taxonomy":"category","embeddable":true,"href":"https:\/\/agora.xtec.cat\/escjoanardevol\/wp-json\/wp\/v2\/categories?post=4314"},{"taxonomy":"post_tag","embeddable":true,"href":"https:\/\/agora.xtec.cat\/escjoanardevol\/wp-json\/wp\/v2\/tags?post=4314"}],"curies":[{"name":"wp","href":"https:\/\/api.w.org\/{rel}","templated":true}]}}