{"id":4293,"date":"2016-12-13T20:22:12","date_gmt":"2016-12-13T19:22:12","guid":{"rendered":"http:\/\/agora.xtec.cat\/escjoanardevol\/?p=4293"},"modified":"2020-09-06T17:44:34","modified_gmt":"2020-09-06T15:44:34","slug":"les-llegums-al-menjador","status":"publish","type":"post","link":"https:\/\/agora.xtec.cat\/escjoanardevol\/infantil\/les-llegums-al-menjador\/","title":{"rendered":"Els llegums al menjador"},"content":{"rendered":"<p>Durant aquest mes de novembre, els nens del menjador tamb\u00e9 han treballat amb els llegums. Han apr\u00e9s la seguretat aliment\u00e0ria que ens d\u00f3na amb les seves vitamines i minerals. Han fet un munt d&#8217;activitats amb ells, els han plantat, han fet manualitats, jocs, teatre de Jack i la Favera M\u00e0gica, i per \u00faltim ho han exposat tot i tamb\u00e9 han pogut tastar alguns d&#8217;ells, dins &#8220;La Taula de la Descoberta&#8221;.<\/p>\n<p><a href=\"https:\/\/goo.gl\/photos\/GDi89MSfhrXdBKuX8\" target=\"_blank\" rel=\"noopener noreferrer\"><img loading=\"lazy\" decoding=\"async\" class=\"alignnone wp-image-4294 size-medium\" src=\"http:\/\/agora.xtec.cat\/escjoanardevol\/wp-content\/uploads\/usu550\/2016\/12\/IMG-20161117-WA0004-300x169.jpg\" alt=\"img-20161117-wa0004\" width=\"300\" height=\"169\" srcset=\"https:\/\/agora.xtec.cat\/escjoanardevol\/wp-content\/uploads\/usu550\/2016\/12\/IMG-20161117-WA0004-300x169.jpg 300w, https:\/\/agora.xtec.cat\/escjoanardevol\/wp-content\/uploads\/usu550\/2016\/12\/IMG-20161117-WA0004-768x432.jpg 768w, https:\/\/agora.xtec.cat\/escjoanardevol\/wp-content\/uploads\/usu550\/2016\/12\/IMG-20161117-WA0004-1024x576.jpg 1024w, https:\/\/agora.xtec.cat\/escjoanardevol\/wp-content\/uploads\/usu550\/2016\/12\/IMG-20161117-WA0004.jpg 1328w\" sizes=\"auto, (max-width: 300px) 100vw, 300px\" \/><\/a><\/p>\n","protected":false},"excerpt":{"rendered":"<p>Durant aquest mes de novembre, els nens del menjador tamb\u00e9 han treballat amb els llegums. Han apr\u00e9s la seguretat aliment\u00e0ria que ens d\u00f3na amb les seves vitamines i minerals. Han fet un munt d&#8217;activitats amb ells, els han plantat, han fet manualitats, jocs, teatre de&hellip;  <a href=\"https:\/\/agora.xtec.cat\/escjoanardevol\/infantil\/les-llegums-al-menjador\/\" title=\"Read Els llegums al menjador\">Llegeix m\u00e9s\u00bb<\/a><\/p>\n","protected":false},"author":3,"featured_media":4294,"comment_status":"closed","ping_status":"closed","sticky":false,"template":"","format":"standard","meta":{"_bbp_topic_count":0,"_bbp_reply_count":0,"_bbp_total_topic_count":0,"_bbp_total_reply_count":0,"_bbp_voice_count":0,"_bbp_anonymous_reply_count":0,"_bbp_topic_count_hidden":0,"_bbp_reply_count_hidden":0,"_bbp_forum_subforum_count":0,"footnotes":""},"categories":[2,4,5],"tags":[59,141,167],"class_list":["post-4293","post","type-post","status-publish","format-standard","has-post-thumbnail","hentry","category-infantil","category-portada","category-primaria","tag-activitats","tag-menjador","tag-salut"],"post_mailing_queue_ids":[],"_links":{"self":[{"href":"https:\/\/agora.xtec.cat\/escjoanardevol\/wp-json\/wp\/v2\/posts\/4293","targetHints":{"allow":["GET"]}}],"collection":[{"href":"https:\/\/agora.xtec.cat\/escjoanardevol\/wp-json\/wp\/v2\/posts"}],"about":[{"href":"https:\/\/agora.xtec.cat\/escjoanardevol\/wp-json\/wp\/v2\/types\/post"}],"author":[{"embeddable":true,"href":"https:\/\/agora.xtec.cat\/escjoanardevol\/wp-json\/wp\/v2\/users\/3"}],"replies":[{"embeddable":true,"href":"https:\/\/agora.xtec.cat\/escjoanardevol\/wp-json\/wp\/v2\/comments?post=4293"}],"version-history":[{"count":3,"href":"https:\/\/agora.xtec.cat\/escjoanardevol\/wp-json\/wp\/v2\/posts\/4293\/revisions"}],"predecessor-version":[{"id":7286,"href":"https:\/\/agora.xtec.cat\/escjoanardevol\/wp-json\/wp\/v2\/posts\/4293\/revisions\/7286"}],"wp:featuredmedia":[{"embeddable":true,"href":"https:\/\/agora.xtec.cat\/escjoanardevol\/wp-json\/wp\/v2\/media\/4294"}],"wp:attachment":[{"href":"https:\/\/agora.xtec.cat\/escjoanardevol\/wp-json\/wp\/v2\/media?parent=4293"}],"wp:term":[{"taxonomy":"category","embeddable":true,"href":"https:\/\/agora.xtec.cat\/escjoanardevol\/wp-json\/wp\/v2\/categories?post=4293"},{"taxonomy":"post_tag","embeddable":true,"href":"https:\/\/agora.xtec.cat\/escjoanardevol\/wp-json\/wp\/v2\/tags?post=4293"}],"curies":[{"name":"wp","href":"https:\/\/api.w.org\/{rel}","templated":true}]}}