{"id":4287,"date":"2016-12-13T09:39:19","date_gmt":"2016-12-13T08:39:19","guid":{"rendered":"http:\/\/agora.xtec.cat\/escjoanardevol\/?p=4287"},"modified":"2016-12-13T09:39:19","modified_gmt":"2016-12-13T08:39:19","slug":"de-les-olives-a-loli","status":"publish","type":"post","link":"https:\/\/agora.xtec.cat\/escjoanardevol\/infantil\/de-les-olives-a-loli\/","title":{"rendered":"De les olives a l&#8217;oli"},"content":{"rendered":"<p>El passat dilluns els nens i les nenes de P5 vam anar amb el trenet a la cooperativa agr\u00edcola de Cambrils per con\u00e8ixer el que s&#8217;hi fa all\u00ed. Vam fer un tomb per la botiga per veure els productes que tenen, vam comprar llavors per plantar a l&#8217;hort de l&#8217;escola, i finalment vam anar a veure com es fa l&#8217;oli. Primer de tot ens vam haver de protegir b\u00e9 amb una bata i una malla pel cap, i vam veure com els pagesos descarregaven les seves olives, les m\u00e0quines les netejaven i les pesaven, i acabaven anant per unes cintes fins el lloc on feien l&#8217;oli. Primer en feien un pur\u00e9 i despr\u00e9s la m\u00e0quina en separava l&#8217;oli de la oliva, de l&#8217;os i la pell, i es guardava en uns dip\u00f2sits enormes!<\/p>\n<p><a href=\"https:\/\/goo.gl\/photos\/sHgxZaDg8fcFAsyAA\" target=\"_blank\"><img loading=\"lazy\" decoding=\"async\" class=\"alignnone wp-image-4291 size-medium\" src=\"http:\/\/agora.xtec.cat\/escjoanardevol\/wp-content\/uploads\/usu550\/2016\/12\/IMG_3070-c\u00f2pia-300x225.jpg\" alt=\"img_3070-copia\" width=\"300\" height=\"225\" srcset=\"https:\/\/agora.xtec.cat\/escjoanardevol\/wp-content\/uploads\/usu550\/2016\/12\/IMG_3070-c\u00f2pia-300x225.jpg 300w, https:\/\/agora.xtec.cat\/escjoanardevol\/wp-content\/uploads\/usu550\/2016\/12\/IMG_3070-c\u00f2pia-768x576.jpg 768w, https:\/\/agora.xtec.cat\/escjoanardevol\/wp-content\/uploads\/usu550\/2016\/12\/IMG_3070-c\u00f2pia-1024x768.jpg 1024w, https:\/\/agora.xtec.cat\/escjoanardevol\/wp-content\/uploads\/usu550\/2016\/12\/IMG_3070-c\u00f2pia-200x150.jpg 200w, https:\/\/agora.xtec.cat\/escjoanardevol\/wp-content\/uploads\/usu550\/2016\/12\/IMG_3070-c\u00f2pia.jpg 1382w\" sizes=\"auto, (max-width: 300px) 100vw, 300px\" \/><\/a><\/p>\n","protected":false},"excerpt":{"rendered":"<p>El passat dilluns els nens i les nenes de P5 vam anar amb el trenet a la cooperativa agr\u00edcola de Cambrils per con\u00e8ixer el que s&#8217;hi fa all\u00ed. Vam fer un tomb per la botiga per veure els productes que tenen, vam comprar llavors per&hellip;  <a href=\"https:\/\/agora.xtec.cat\/escjoanardevol\/infantil\/de-les-olives-a-loli\/\" title=\"Read De les olives a l&#8217;oli\">Llegeix m\u00e9s\u00bb<\/a><\/p>\n","protected":false},"author":3,"featured_media":4291,"comment_status":"closed","ping_status":"open","sticky":false,"template":"","format":"standard","meta":{"_bbp_topic_count":0,"_bbp_reply_count":0,"_bbp_total_topic_count":0,"_bbp_total_reply_count":0,"_bbp_voice_count":0,"_bbp_anonymous_reply_count":0,"_bbp_topic_count_hidden":0,"_bbp_reply_count_hidden":0,"_bbp_forum_subforum_count":0,"footnotes":""},"categories":[2,9,4],"tags":[69,103,140,16],"class_list":["post-4287","post","type-post","status-publish","format-standard","has-post-thumbnail","hentry","category-infantil","category-p5","category-portada","tag-cambrils","tag-educacio-infantil","tag-medi","tag-sortides"],"post_mailing_queue_ids":[],"_links":{"self":[{"href":"https:\/\/agora.xtec.cat\/escjoanardevol\/wp-json\/wp\/v2\/posts\/4287","targetHints":{"allow":["GET"]}}],"collection":[{"href":"https:\/\/agora.xtec.cat\/escjoanardevol\/wp-json\/wp\/v2\/posts"}],"about":[{"href":"https:\/\/agora.xtec.cat\/escjoanardevol\/wp-json\/wp\/v2\/types\/post"}],"author":[{"embeddable":true,"href":"https:\/\/agora.xtec.cat\/escjoanardevol\/wp-json\/wp\/v2\/users\/3"}],"replies":[{"embeddable":true,"href":"https:\/\/agora.xtec.cat\/escjoanardevol\/wp-json\/wp\/v2\/comments?post=4287"}],"version-history":[{"count":2,"href":"https:\/\/agora.xtec.cat\/escjoanardevol\/wp-json\/wp\/v2\/posts\/4287\/revisions"}],"predecessor-version":[{"id":4292,"href":"https:\/\/agora.xtec.cat\/escjoanardevol\/wp-json\/wp\/v2\/posts\/4287\/revisions\/4292"}],"wp:featuredmedia":[{"embeddable":true,"href":"https:\/\/agora.xtec.cat\/escjoanardevol\/wp-json\/wp\/v2\/media\/4291"}],"wp:attachment":[{"href":"https:\/\/agora.xtec.cat\/escjoanardevol\/wp-json\/wp\/v2\/media?parent=4287"}],"wp:term":[{"taxonomy":"category","embeddable":true,"href":"https:\/\/agora.xtec.cat\/escjoanardevol\/wp-json\/wp\/v2\/categories?post=4287"},{"taxonomy":"post_tag","embeddable":true,"href":"https:\/\/agora.xtec.cat\/escjoanardevol\/wp-json\/wp\/v2\/tags?post=4287"}],"curies":[{"name":"wp","href":"https:\/\/api.w.org\/{rel}","templated":true}]}}