{"id":4286,"date":"2016-12-13T09:33:06","date_gmt":"2016-12-13T08:33:06","guid":{"rendered":"http:\/\/agora.xtec.cat\/escjoanardevol\/?p=4286"},"modified":"2016-12-19T15:07:45","modified_gmt":"2016-12-19T14:07:45","slug":"concurs-de-lectura-en-veu-alta","status":"publish","type":"post","link":"https:\/\/agora.xtec.cat\/escjoanardevol\/general\/concurs-de-lectura-en-veu-alta\/","title":{"rendered":"Concurs de lectura en veu alta"},"content":{"rendered":"<p>Dijous, dia 1 de desembre, vam celebrar el primer Concurs de Lectura en Veu Alta de la nostra escola.<\/p>\n<p>Vuit finalistes de cada cicle (inicial, mitj\u00e0 i superior) van llegir davant dels seus companys, dels mestres i d&#8217;un jurat, el qual es va encarregar de triar els millors lectors.<\/p>\n<p>Tots els alumnes finalistes van ser obsequiats amb diplomes i els guanyadors amb un llibre.<\/p>\n<p>Aquests guanyadors ens representaran en el XIII\u00e8 Certamen de Lectura en Veu Alta, que organitza la Fundaci\u00f3 Enciclop\u00e8dia Catalana, juntament amb la Generalitat de Catalunya i Obra Social \u00abLa Caixa\u00bb,\u00a0 i a la Mostra de Lectura que organitza el CRP del Baix Camp.<\/p>\n<p>Estem entusiasmats amb aquest nou projecte; ens mou la il\u00b7lusi\u00f3 de millorar i fer gaudir els nostres alumnes amb la lectura.<\/p>\n<p><a href=\"https:\/\/goo.gl\/photos\/ggr6cCGbDydFxKHi8\" target=\"_blank\"><img loading=\"lazy\" decoding=\"async\" class=\"alignnone wp-image-4289 size-medium\" src=\"http:\/\/agora.xtec.cat\/escjoanardevol\/wp-content\/uploads\/usu550\/2016\/12\/DSC_0548-c\u00f2pia-300x200.jpg\" alt=\"dsc_0548-copia\" width=\"300\" height=\"200\" srcset=\"https:\/\/agora.xtec.cat\/escjoanardevol\/wp-content\/uploads\/usu550\/2016\/12\/DSC_0548-c\u00f2pia-300x200.jpg 300w, https:\/\/agora.xtec.cat\/escjoanardevol\/wp-content\/uploads\/usu550\/2016\/12\/DSC_0548-c\u00f2pia-768x512.jpg 768w, https:\/\/agora.xtec.cat\/escjoanardevol\/wp-content\/uploads\/usu550\/2016\/12\/DSC_0548-c\u00f2pia-1024x683.jpg 1024w, https:\/\/agora.xtec.cat\/escjoanardevol\/wp-content\/uploads\/usu550\/2016\/12\/DSC_0548-c\u00f2pia.jpg 1382w\" sizes=\"auto, (max-width: 300px) 100vw, 300px\" \/><\/a><\/p>\n","protected":false},"excerpt":{"rendered":"<p>Dijous, dia 1 de desembre, vam celebrar el primer Concurs de Lectura en Veu Alta de la nostra escola.<br \/>\nVuit finalistes de cada cicle (inicial, mitj\u00e0 i superior) van llegir davant dels seus companys, dels mestres i d&#8217;un jurat, el qual es va encarregar de triar&hellip;  <a href=\"https:\/\/agora.xtec.cat\/escjoanardevol\/general\/concurs-de-lectura-en-veu-alta\/\" title=\"Read Concurs de lectura en veu alta\">Llegeix m\u00e9s\u00bb<\/a><\/p>\n","protected":false},"author":3,"featured_media":4289,"comment_status":"closed","ping_status":"open","sticky":false,"template":"","format":"standard","meta":{"_bbp_topic_count":0,"_bbp_reply_count":0,"_bbp_total_topic_count":0,"_bbp_total_reply_count":0,"_bbp_voice_count":0,"_bbp_anonymous_reply_count":0,"_bbp_topic_count_hidden":0,"_bbp_reply_count_hidden":0,"_bbp_forum_subforum_count":0,"footnotes":""},"categories":[10,11,12,13,14,15,1,4,5],"tags":[59,67,75,76,77,130],"class_list":["post-4286","post","type-post","status-publish","format-standard","has-post-thumbnail","hentry","category-1r","category-2n","category-3r","category-4t","category-5e","category-6e","category-general","category-portada","category-primaria","tag-activitats","tag-biblioteca","tag-cicle-inicial","tag-cicle-mitja","tag-cicle-superior-2","tag-lectura"],"post_mailing_queue_ids":[],"_links":{"self":[{"href":"https:\/\/agora.xtec.cat\/escjoanardevol\/wp-json\/wp\/v2\/posts\/4286","targetHints":{"allow":["GET"]}}],"collection":[{"href":"https:\/\/agora.xtec.cat\/escjoanardevol\/wp-json\/wp\/v2\/posts"}],"about":[{"href":"https:\/\/agora.xtec.cat\/escjoanardevol\/wp-json\/wp\/v2\/types\/post"}],"author":[{"embeddable":true,"href":"https:\/\/agora.xtec.cat\/escjoanardevol\/wp-json\/wp\/v2\/users\/3"}],"replies":[{"embeddable":true,"href":"https:\/\/agora.xtec.cat\/escjoanardevol\/wp-json\/wp\/v2\/comments?post=4286"}],"version-history":[{"count":2,"href":"https:\/\/agora.xtec.cat\/escjoanardevol\/wp-json\/wp\/v2\/posts\/4286\/revisions"}],"predecessor-version":[{"id":4335,"href":"https:\/\/agora.xtec.cat\/escjoanardevol\/wp-json\/wp\/v2\/posts\/4286\/revisions\/4335"}],"wp:featuredmedia":[{"embeddable":true,"href":"https:\/\/agora.xtec.cat\/escjoanardevol\/wp-json\/wp\/v2\/media\/4289"}],"wp:attachment":[{"href":"https:\/\/agora.xtec.cat\/escjoanardevol\/wp-json\/wp\/v2\/media?parent=4286"}],"wp:term":[{"taxonomy":"category","embeddable":true,"href":"https:\/\/agora.xtec.cat\/escjoanardevol\/wp-json\/wp\/v2\/categories?post=4286"},{"taxonomy":"post_tag","embeddable":true,"href":"https:\/\/agora.xtec.cat\/escjoanardevol\/wp-json\/wp\/v2\/tags?post=4286"}],"curies":[{"name":"wp","href":"https:\/\/api.w.org\/{rel}","templated":true}]}}