{"id":4282,"date":"2016-12-12T12:15:28","date_gmt":"2016-12-12T11:15:28","guid":{"rendered":"http:\/\/agora.xtec.cat\/escjoanardevol\/?p=4282"},"modified":"2016-12-12T12:15:28","modified_gmt":"2016-12-12T11:15:28","slug":"sortida-5e-a-santes-creus","status":"publish","type":"post","link":"https:\/\/agora.xtec.cat\/escjoanardevol\/portada\/sortida-5e-a-santes-creus\/","title":{"rendered":"Sortida 5\u00e8 a Santes Creus"},"content":{"rendered":"<p>Divendres 2 de desembre els alumnes de 5\u00e8 vam visitar el monestir de Santes Creus.\u00a0 All\u00e0 vam dividir-nos en tres grups, cadascun amb un monitor que ens va anar explicant el que representava el monestir a l&#8217;\u00e8poca medieval. Vam veure la tomba del rei Pere el Gran, a sota els lleons, com a s\u00edmbol d&#8217;un gran rei. Tamb\u00e9 vam visitar les diferents estances del momestir i vam fer diversos tallers per comprendre millor l&#8217;arquitectura i com era la vida a l&#8217;\u00e8poca medieval.<\/p>\n<p>Vam dinar a l&#8217;albereda, un parc ple d&#8217;\u00e0lbers fant\u00e0stic. Podeu veure moltes fotos, clicant damunt la imatge:<\/p>\n<p><a href=\"https:\/\/goo.gl\/photos\/TdLAsGdwhyfYnfkv5\" target=\"_blank\"><img loading=\"lazy\" decoding=\"async\" class=\"alignnone wp-image-4283 size-medium\" src=\"http:\/\/agora.xtec.cat\/escjoanardevol\/wp-content\/uploads\/usu550\/2016\/12\/Img_1885-copia-300x225.jpg\" alt=\"img_1885-copia\" width=\"300\" height=\"225\" srcset=\"https:\/\/agora.xtec.cat\/escjoanardevol\/wp-content\/uploads\/usu550\/2016\/12\/Img_1885-copia-300x225.jpg 300w, https:\/\/agora.xtec.cat\/escjoanardevol\/wp-content\/uploads\/usu550\/2016\/12\/Img_1885-copia-768x576.jpg 768w, https:\/\/agora.xtec.cat\/escjoanardevol\/wp-content\/uploads\/usu550\/2016\/12\/Img_1885-copia-1024x768.jpg 1024w, https:\/\/agora.xtec.cat\/escjoanardevol\/wp-content\/uploads\/usu550\/2016\/12\/Img_1885-copia-200x150.jpg 200w, https:\/\/agora.xtec.cat\/escjoanardevol\/wp-content\/uploads\/usu550\/2016\/12\/Img_1885-copia.jpg 1546w\" sizes=\"auto, (max-width: 300px) 100vw, 300px\" \/><\/a><\/p>\n","protected":false},"excerpt":{"rendered":"<p>Divendres 2 de desembre els alumnes de 5\u00e8 vam visitar el monestir de Santes Creus.\u00a0 All\u00e0 vam dividir-nos en tres grups, cadascun amb un monitor que ens va anar explicant el que representava el monestir a l&#8217;\u00e8poca medieval. Vam veure la tomba del rei Pere&hellip;  <a href=\"https:\/\/agora.xtec.cat\/escjoanardevol\/portada\/sortida-5e-a-santes-creus\/\" title=\"Read Sortida 5\u00e8 a Santes Creus\">Llegeix m\u00e9s\u00bb<\/a><\/p>\n","protected":false},"author":3,"featured_media":4284,"comment_status":"closed","ping_status":"open","sticky":false,"template":"","format":"standard","meta":{"_bbp_topic_count":0,"_bbp_reply_count":0,"_bbp_total_topic_count":0,"_bbp_total_reply_count":0,"_bbp_voice_count":0,"_bbp_anonymous_reply_count":0,"_bbp_topic_count_hidden":0,"_bbp_reply_count_hidden":0,"_bbp_forum_subforum_count":0,"footnotes":""},"categories":[14,4],"tags":[77,140,16],"class_list":["post-4282","post","type-post","status-publish","format-standard","has-post-thumbnail","hentry","category-5e","category-portada","tag-cicle-superior-2","tag-medi","tag-sortides"],"post_mailing_queue_ids":[],"_links":{"self":[{"href":"https:\/\/agora.xtec.cat\/escjoanardevol\/wp-json\/wp\/v2\/posts\/4282","targetHints":{"allow":["GET"]}}],"collection":[{"href":"https:\/\/agora.xtec.cat\/escjoanardevol\/wp-json\/wp\/v2\/posts"}],"about":[{"href":"https:\/\/agora.xtec.cat\/escjoanardevol\/wp-json\/wp\/v2\/types\/post"}],"author":[{"embeddable":true,"href":"https:\/\/agora.xtec.cat\/escjoanardevol\/wp-json\/wp\/v2\/users\/3"}],"replies":[{"embeddable":true,"href":"https:\/\/agora.xtec.cat\/escjoanardevol\/wp-json\/wp\/v2\/comments?post=4282"}],"version-history":[{"count":1,"href":"https:\/\/agora.xtec.cat\/escjoanardevol\/wp-json\/wp\/v2\/posts\/4282\/revisions"}],"predecessor-version":[{"id":4285,"href":"https:\/\/agora.xtec.cat\/escjoanardevol\/wp-json\/wp\/v2\/posts\/4282\/revisions\/4285"}],"wp:featuredmedia":[{"embeddable":true,"href":"https:\/\/agora.xtec.cat\/escjoanardevol\/wp-json\/wp\/v2\/media\/4284"}],"wp:attachment":[{"href":"https:\/\/agora.xtec.cat\/escjoanardevol\/wp-json\/wp\/v2\/media?parent=4282"}],"wp:term":[{"taxonomy":"category","embeddable":true,"href":"https:\/\/agora.xtec.cat\/escjoanardevol\/wp-json\/wp\/v2\/categories?post=4282"},{"taxonomy":"post_tag","embeddable":true,"href":"https:\/\/agora.xtec.cat\/escjoanardevol\/wp-json\/wp\/v2\/tags?post=4282"}],"curies":[{"name":"wp","href":"https:\/\/api.w.org\/{rel}","templated":true}]}}