{"id":4279,"date":"2016-12-05T12:34:55","date_gmt":"2016-12-05T11:34:55","guid":{"rendered":"http:\/\/agora.xtec.cat\/escjoanardevol\/?p=4279"},"modified":"2016-12-05T12:34:55","modified_gmt":"2016-12-05T11:34:55","slug":"representacio-del-setge-de-cambrils","status":"publish","type":"post","link":"https:\/\/agora.xtec.cat\/escjoanardevol\/portada\/representacio-del-setge-de-cambrils\/","title":{"rendered":"Representaci\u00f3 del setge de Cambrils"},"content":{"rendered":"<p>El passat 28 de novembre la companyia Bigolis Teatre ens va fer la representaci\u00f3 del setge de Cambrils a tots els alumnes d&#8217;educaci\u00f3 Prim\u00e0ria. Va ser una oportunitat per con\u00e8ixer i reviure els tr\u00e0gics fets del 1640\u00a0 i donar-hi un toc hum\u00e0 i d&#8217;humor.<\/p>\n<p>La representaci\u00f3 va ser un \u00e8xit i va captar l&#8217;atenci\u00f3 de tot l&#8217;alumnat amb uns artistes excel\u00b7lents.<\/p>\n<p><a href=\"https:\/\/goo.gl\/photos\/rhzmZ7wm4utqvcNc6\" target=\"_blank\"><img loading=\"lazy\" decoding=\"async\" class=\"alignnone wp-image-4280 size-medium\" src=\"http:\/\/agora.xtec.cat\/escjoanardevol\/wp-content\/uploads\/usu550\/2016\/12\/IMG_5679-300x225.jpg\" alt=\"img_5679\" width=\"300\" height=\"225\" srcset=\"https:\/\/agora.xtec.cat\/escjoanardevol\/wp-content\/uploads\/usu550\/2016\/12\/IMG_5679-300x225.jpg 300w, https:\/\/agora.xtec.cat\/escjoanardevol\/wp-content\/uploads\/usu550\/2016\/12\/IMG_5679-200x150.jpg 200w, https:\/\/agora.xtec.cat\/escjoanardevol\/wp-content\/uploads\/usu550\/2016\/12\/IMG_5679.jpg 640w\" sizes=\"auto, (max-width: 300px) 100vw, 300px\" \/><\/a><\/p>\n","protected":false},"excerpt":{"rendered":"<p>El passat 28 de novembre la companyia Bigolis Teatre ens va fer la representaci\u00f3 del setge de Cambrils a tots els alumnes d&#8217;educaci\u00f3 Prim\u00e0ria. Va ser una oportunitat per con\u00e8ixer i reviure els tr\u00e0gics fets del 1640\u00a0 i donar-hi un toc hum\u00e0 i d&#8217;humor.<br \/>\nLa representaci\u00f3&hellip;  <a href=\"https:\/\/agora.xtec.cat\/escjoanardevol\/portada\/representacio-del-setge-de-cambrils\/\" title=\"Read Representaci\u00f3 del setge de Cambrils\">Llegeix m\u00e9s\u00bb<\/a><\/p>\n","protected":false},"author":3,"featured_media":4280,"comment_status":"closed","ping_status":"open","sticky":false,"template":"","format":"standard","meta":{"_bbp_topic_count":0,"_bbp_reply_count":0,"_bbp_total_topic_count":0,"_bbp_total_reply_count":0,"_bbp_voice_count":0,"_bbp_anonymous_reply_count":0,"_bbp_topic_count_hidden":0,"_bbp_reply_count_hidden":0,"_bbp_forum_subforum_count":0,"footnotes":""},"categories":[10,11,12,13,14,15,4,5],"tags":[69,75,76,77,180],"class_list":["post-4279","post","type-post","status-publish","format-standard","has-post-thumbnail","hentry","category-1r","category-2n","category-3r","category-4t","category-5e","category-6e","category-portada","category-primaria","tag-cambrils","tag-cicle-inicial","tag-cicle-mitja","tag-cicle-superior-2","tag-teatre"],"post_mailing_queue_ids":[],"_links":{"self":[{"href":"https:\/\/agora.xtec.cat\/escjoanardevol\/wp-json\/wp\/v2\/posts\/4279","targetHints":{"allow":["GET"]}}],"collection":[{"href":"https:\/\/agora.xtec.cat\/escjoanardevol\/wp-json\/wp\/v2\/posts"}],"about":[{"href":"https:\/\/agora.xtec.cat\/escjoanardevol\/wp-json\/wp\/v2\/types\/post"}],"author":[{"embeddable":true,"href":"https:\/\/agora.xtec.cat\/escjoanardevol\/wp-json\/wp\/v2\/users\/3"}],"replies":[{"embeddable":true,"href":"https:\/\/agora.xtec.cat\/escjoanardevol\/wp-json\/wp\/v2\/comments?post=4279"}],"version-history":[{"count":1,"href":"https:\/\/agora.xtec.cat\/escjoanardevol\/wp-json\/wp\/v2\/posts\/4279\/revisions"}],"predecessor-version":[{"id":4281,"href":"https:\/\/agora.xtec.cat\/escjoanardevol\/wp-json\/wp\/v2\/posts\/4279\/revisions\/4281"}],"wp:featuredmedia":[{"embeddable":true,"href":"https:\/\/agora.xtec.cat\/escjoanardevol\/wp-json\/wp\/v2\/media\/4280"}],"wp:attachment":[{"href":"https:\/\/agora.xtec.cat\/escjoanardevol\/wp-json\/wp\/v2\/media?parent=4279"}],"wp:term":[{"taxonomy":"category","embeddable":true,"href":"https:\/\/agora.xtec.cat\/escjoanardevol\/wp-json\/wp\/v2\/categories?post=4279"},{"taxonomy":"post_tag","embeddable":true,"href":"https:\/\/agora.xtec.cat\/escjoanardevol\/wp-json\/wp\/v2\/tags?post=4279"}],"curies":[{"name":"wp","href":"https:\/\/api.w.org\/{rel}","templated":true}]}}