{"id":4274,"date":"2016-11-30T18:42:47","date_gmt":"2016-11-30T17:42:47","guid":{"rendered":"http:\/\/agora.xtec.cat\/escjoanardevol\/?p=4274"},"modified":"2016-11-30T18:48:26","modified_gmt":"2016-11-30T17:48:26","slug":"p3-festa-de-la-tardor","status":"publish","type":"post","link":"https:\/\/agora.xtec.cat\/escjoanardevol\/infantil\/p3-festa-de-la-tardor\/","title":{"rendered":"P3: Festa de la tardor"},"content":{"rendered":"<p>El dia 29 de novembre vam fer la Festa de la Tardor a P3. \u00c9s el primer acte social a l&#8217;escola dels nostres alumnes de P3.<\/p>\n<p>Va ser una festa fant\u00e0stica en la que els m\u00e9s menuts de l&#8217;escola van gaudir d&#8217;un espectacle que havien preparat la Laia, la Vanesa i el Dani (alumnes de cicle superior), de la m\u00e0 de la mestra N\u00faria. Tamb\u00e9 ens van acompanyar els nens i nenes de P2 de la Llar d&#8217;Infants Dolors Medina i molts pares, mares, avis, \u00e0vies, tiets, cosins i familiars&#8230; L&#8217;AMPA va col\u00b7laborar amb el berenar per als nens i nenes i tamb\u00e9 amb el caf\u00e8 i galetes per als familiars.<\/p>\n<p><a href=\"https:\/\/goo.gl\/photos\/BHQyRQxXzJ7uFX4Y6\" target=\"_blank\"><img loading=\"lazy\" decoding=\"async\" class=\"alignnone wp-image-4277 size-medium\" src=\"http:\/\/agora.xtec.cat\/escjoanardevol\/wp-content\/uploads\/usu550\/2016\/11\/DSC_0598-c\u00f2pia-300x122.jpg\" alt=\"dsc_0598-copia\" width=\"300\" height=\"122\" srcset=\"https:\/\/agora.xtec.cat\/escjoanardevol\/wp-content\/uploads\/usu550\/2016\/11\/DSC_0598-c\u00f2pia-300x122.jpg 300w, https:\/\/agora.xtec.cat\/escjoanardevol\/wp-content\/uploads\/usu550\/2016\/11\/DSC_0598-c\u00f2pia-768x312.jpg 768w, https:\/\/agora.xtec.cat\/escjoanardevol\/wp-content\/uploads\/usu550\/2016\/11\/DSC_0598-c\u00f2pia.jpg 1024w\" sizes=\"auto, (max-width: 300px) 100vw, 300px\" \/><\/a><\/p>\n","protected":false},"excerpt":{"rendered":"<p>El dia 29 de novembre vam fer la Festa de la Tardor a P3. \u00c9s el primer acte social a l&#8217;escola dels nostres alumnes de P3.<br \/>\nVa ser una festa fant\u00e0stica en la que els m\u00e9s menuts de l&#8217;escola van gaudir d&#8217;un espectacle que havien preparat&hellip;  <a href=\"https:\/\/agora.xtec.cat\/escjoanardevol\/infantil\/p3-festa-de-la-tardor\/\" title=\"Read P3: Festa de la tardor\">Llegeix m\u00e9s\u00bb<\/a><\/p>\n","protected":false},"author":3,"featured_media":4277,"comment_status":"closed","ping_status":"open","sticky":false,"template":"","format":"standard","meta":{"_bbp_topic_count":0,"_bbp_reply_count":0,"_bbp_total_topic_count":0,"_bbp_total_reply_count":0,"_bbp_voice_count":0,"_bbp_anonymous_reply_count":0,"_bbp_topic_count_hidden":0,"_bbp_reply_count_hidden":0,"_bbp_forum_subforum_count":0,"footnotes":""},"categories":[2,3,4],"tags":[59,103,115],"class_list":["post-4274","post","type-post","status-publish","format-standard","has-post-thumbnail","hentry","category-infantil","category-p3","category-portada","tag-activitats","tag-educacio-infantil","tag-festes"],"post_mailing_queue_ids":[],"_links":{"self":[{"href":"https:\/\/agora.xtec.cat\/escjoanardevol\/wp-json\/wp\/v2\/posts\/4274","targetHints":{"allow":["GET"]}}],"collection":[{"href":"https:\/\/agora.xtec.cat\/escjoanardevol\/wp-json\/wp\/v2\/posts"}],"about":[{"href":"https:\/\/agora.xtec.cat\/escjoanardevol\/wp-json\/wp\/v2\/types\/post"}],"author":[{"embeddable":true,"href":"https:\/\/agora.xtec.cat\/escjoanardevol\/wp-json\/wp\/v2\/users\/3"}],"replies":[{"embeddable":true,"href":"https:\/\/agora.xtec.cat\/escjoanardevol\/wp-json\/wp\/v2\/comments?post=4274"}],"version-history":[{"count":2,"href":"https:\/\/agora.xtec.cat\/escjoanardevol\/wp-json\/wp\/v2\/posts\/4274\/revisions"}],"predecessor-version":[{"id":4278,"href":"https:\/\/agora.xtec.cat\/escjoanardevol\/wp-json\/wp\/v2\/posts\/4274\/revisions\/4278"}],"wp:featuredmedia":[{"embeddable":true,"href":"https:\/\/agora.xtec.cat\/escjoanardevol\/wp-json\/wp\/v2\/media\/4277"}],"wp:attachment":[{"href":"https:\/\/agora.xtec.cat\/escjoanardevol\/wp-json\/wp\/v2\/media?parent=4274"}],"wp:term":[{"taxonomy":"category","embeddable":true,"href":"https:\/\/agora.xtec.cat\/escjoanardevol\/wp-json\/wp\/v2\/categories?post=4274"},{"taxonomy":"post_tag","embeddable":true,"href":"https:\/\/agora.xtec.cat\/escjoanardevol\/wp-json\/wp\/v2\/tags?post=4274"}],"curies":[{"name":"wp","href":"https:\/\/api.w.org\/{rel}","templated":true}]}}