{"id":4267,"date":"2016-11-28T12:23:02","date_gmt":"2016-11-28T11:23:02","guid":{"rendered":"http:\/\/agora.xtec.cat\/escjoanardevol\/?p=4267"},"modified":"2016-11-28T12:23:02","modified_gmt":"2016-11-28T11:23:02","slug":"cs-a-barca-kids","status":"publish","type":"post","link":"https:\/\/agora.xtec.cat\/escjoanardevol\/portada\/cs-a-barca-kids\/","title":{"rendered":"CS a Bar\u00e7a Kids"},"content":{"rendered":"<p>\u201c<span style=\"color: #ff9900;\"><strong>Qui t\u00e9 valors guanya<\/strong><\/span>\u201d \u00e9s el lema de l\u2019activitat que els alumnes de C.S. vam realitzar al Camp de Tir Ol\u00edmpic els dies 11 i 24 de novembre.<\/p>\n<p>Organitzada per la Fundaci\u00f3 FC Barcelona, l\u2019activitat ens va servir per constatar la import\u00e0ncia de l\u2019esfor\u00e7, el treball en equip, la humilitat, la toler\u00e0ncia\u00a0 i el respecte, no nom\u00e9s en la pr\u00e0ctica esportiva, sin\u00f3 tamb\u00e9 a la vida quotidiana.<\/p>\n<p>A m\u00e9s ens ho vam passar molt b\u00e9!!<\/p>\n<p><a href=\"https:\/\/goo.gl\/photos\/GP41CB45kK72nxDM7\" target=\"_blank\"><img loading=\"lazy\" decoding=\"async\" class=\"alignnone wp-image-4269 size-medium\" src=\"http:\/\/agora.xtec.cat\/escjoanardevol\/wp-content\/uploads\/usu550\/2016\/11\/IMG_1827-300x225.jpg\" alt=\"img_1827\" width=\"300\" height=\"225\" srcset=\"https:\/\/agora.xtec.cat\/escjoanardevol\/wp-content\/uploads\/usu550\/2016\/11\/IMG_1827-300x225.jpg 300w, https:\/\/agora.xtec.cat\/escjoanardevol\/wp-content\/uploads\/usu550\/2016\/11\/IMG_1827-768x576.jpg 768w, https:\/\/agora.xtec.cat\/escjoanardevol\/wp-content\/uploads\/usu550\/2016\/11\/IMG_1827-1024x768.jpg 1024w, https:\/\/agora.xtec.cat\/escjoanardevol\/wp-content\/uploads\/usu550\/2016\/11\/IMG_1827-200x150.jpg 200w, https:\/\/agora.xtec.cat\/escjoanardevol\/wp-content\/uploads\/usu550\/2016\/11\/IMG_1827.jpg 1288w\" sizes=\"auto, (max-width: 300px) 100vw, 300px\" \/><\/a><\/p>\n","protected":false},"excerpt":{"rendered":"<p>\u201cQui t\u00e9 valors guanya\u201d \u00e9s el lema de l\u2019activitat que els alumnes de C.S. vam realitzar al Camp de Tir Ol\u00edmpic els dies 11 i 24 de novembre.<br \/>\nOrganitzada per la Fundaci\u00f3 FC Barcelona, l\u2019activitat ens va servir per constatar la import\u00e0ncia de l\u2019esfor\u00e7, el treball&hellip;  <a href=\"https:\/\/agora.xtec.cat\/escjoanardevol\/portada\/cs-a-barca-kids\/\" title=\"Read CS a Bar\u00e7a Kids\">Llegeix m\u00e9s\u00bb<\/a><\/p>\n","protected":false},"author":3,"featured_media":4269,"comment_status":"closed","ping_status":"open","sticky":false,"template":"","format":"standard","meta":{"_bbp_topic_count":0,"_bbp_reply_count":0,"_bbp_total_topic_count":0,"_bbp_total_reply_count":0,"_bbp_voice_count":0,"_bbp_anonymous_reply_count":0,"_bbp_topic_count_hidden":0,"_bbp_reply_count_hidden":0,"_bbp_forum_subforum_count":0,"footnotes":""},"categories":[14,15,4],"tags":[59,77,93,94,187],"class_list":["post-4267","post","type-post","status-publish","format-standard","has-post-thumbnail","hentry","category-5e","category-6e","category-portada","tag-activitats","tag-cicle-superior-2","tag-convivencia","tag-cooperacio","tag-valors"],"post_mailing_queue_ids":[],"_links":{"self":[{"href":"https:\/\/agora.xtec.cat\/escjoanardevol\/wp-json\/wp\/v2\/posts\/4267","targetHints":{"allow":["GET"]}}],"collection":[{"href":"https:\/\/agora.xtec.cat\/escjoanardevol\/wp-json\/wp\/v2\/posts"}],"about":[{"href":"https:\/\/agora.xtec.cat\/escjoanardevol\/wp-json\/wp\/v2\/types\/post"}],"author":[{"embeddable":true,"href":"https:\/\/agora.xtec.cat\/escjoanardevol\/wp-json\/wp\/v2\/users\/3"}],"replies":[{"embeddable":true,"href":"https:\/\/agora.xtec.cat\/escjoanardevol\/wp-json\/wp\/v2\/comments?post=4267"}],"version-history":[{"count":3,"href":"https:\/\/agora.xtec.cat\/escjoanardevol\/wp-json\/wp\/v2\/posts\/4267\/revisions"}],"predecessor-version":[{"id":4271,"href":"https:\/\/agora.xtec.cat\/escjoanardevol\/wp-json\/wp\/v2\/posts\/4267\/revisions\/4271"}],"wp:featuredmedia":[{"embeddable":true,"href":"https:\/\/agora.xtec.cat\/escjoanardevol\/wp-json\/wp\/v2\/media\/4269"}],"wp:attachment":[{"href":"https:\/\/agora.xtec.cat\/escjoanardevol\/wp-json\/wp\/v2\/media?parent=4267"}],"wp:term":[{"taxonomy":"category","embeddable":true,"href":"https:\/\/agora.xtec.cat\/escjoanardevol\/wp-json\/wp\/v2\/categories?post=4267"},{"taxonomy":"post_tag","embeddable":true,"href":"https:\/\/agora.xtec.cat\/escjoanardevol\/wp-json\/wp\/v2\/tags?post=4267"}],"curies":[{"name":"wp","href":"https:\/\/api.w.org\/{rel}","templated":true}]}}