{"id":4212,"date":"2016-11-25T16:03:56","date_gmt":"2016-11-25T15:03:56","guid":{"rendered":"http:\/\/agora.xtec.cat\/escjoanardevol\/?p=4212"},"modified":"2016-11-26T10:42:57","modified_gmt":"2016-11-26T09:42:57","slug":"visita-de-quart-a-barca-kids","status":"publish","type":"post","link":"https:\/\/agora.xtec.cat\/escjoanardevol\/general\/visita-de-quart-a-barca-kids\/","title":{"rendered":"Visita de quart a Bar\u00e7a Kids!"},"content":{"rendered":"<p style=\"text-align: left;\"><a href=\"https:\/\/goo.gl\/photos\/MZqtqSSV2aj4U6cu9\" target=\"_blank\"><img loading=\"lazy\" decoding=\"async\" class=\"alignleft\" style=\"width: 90px; height: 70px;\" src=\"http:\/\/www.montmelo.cat\/media\/site1\/cache\/images\/10649.jpg\" alt=\"bar\u00e7a kids logo\" width=\"528\" height=\"352\" \/><\/a><br \/>\nEl dia 21 de Novembre els alumnes de 4art hem fet el taller de Bar\u00e7a kids. Hem treballat en equip buscant la definici\u00f3 de valors que s&#8217;ha publica a la seva <a href=\"http:\/\/fcbkids.cat\/ca\/nens\/wikivalors\/usuari\/Escola%20Joan%20Ardevol\">p\u00e0gina<\/a>. El lema que hem apr\u00e8s \u00e9s: Qui t\u00e9 valors guanya. Ens ho hem passat d&#8217;all\u00f2 m\u00e9s b\u00e9 fent esport i aprenent els valors i els beneficis que aporta la pr\u00e0ctica de l&#8217;esport a les persones.<\/p>\n<p style=\"text-align: left;\">Cliqueu a la imatge per anar a l&#8217;\u00e0lbum de fotos.<\/p>\n<p style=\"text-align: left;\"><a href=\"https:\/\/goo.gl\/photos\/MZqtqSSV2aj4U6cu9\" target=\"_blank\"> <img loading=\"lazy\" decoding=\"async\" class=\"alignnone size-medium wp-image-4249\" src=\"http:\/\/agora.xtec.cat\/escjoanardevol\/wp-content\/uploads\/usu550\/2016\/11\/IMG_5662-300x225.jpg\" alt=\"img_5662\" width=\"300\" height=\"225\" srcset=\"https:\/\/agora.xtec.cat\/escjoanardevol\/wp-content\/uploads\/usu550\/2016\/11\/IMG_5662-300x225.jpg 300w, https:\/\/agora.xtec.cat\/escjoanardevol\/wp-content\/uploads\/usu550\/2016\/11\/IMG_5662-200x150.jpg 200w, https:\/\/agora.xtec.cat\/escjoanardevol\/wp-content\/uploads\/usu550\/2016\/11\/IMG_5662.jpg 640w\" sizes=\"auto, (max-width: 300px) 100vw, 300px\" \/><\/a><a href=\"https:\/\/goo.gl\/photos\/MZqtqSSV2aj4U6cu9\" target=\"_blank\"> <img loading=\"lazy\" decoding=\"async\" class=\"alignnone wp-image-4221 size-medium\" src=\"http:\/\/agora.xtec.cat\/escjoanardevol\/wp-content\/uploads\/usu550\/2016\/11\/IMG_5597-300x225.jpg\" alt=\"img_5597\" width=\"300\" height=\"225\" srcset=\"https:\/\/agora.xtec.cat\/escjoanardevol\/wp-content\/uploads\/usu550\/2016\/11\/IMG_5597-300x225.jpg 300w, https:\/\/agora.xtec.cat\/escjoanardevol\/wp-content\/uploads\/usu550\/2016\/11\/IMG_5597-768x576.jpg 768w, https:\/\/agora.xtec.cat\/escjoanardevol\/wp-content\/uploads\/usu550\/2016\/11\/IMG_5597-1024x768.jpg 1024w, https:\/\/agora.xtec.cat\/escjoanardevol\/wp-content\/uploads\/usu550\/2016\/11\/IMG_5597-200x150.jpg 200w\" sizes=\"auto, (max-width: 300px) 100vw, 300px\" \/><\/a><\/p>\n","protected":false},"excerpt":{"rendered":"<p><a href=\"https:\/\/goo.gl\/photos\/MZqtqSSV2aj4U6cu9\" target=\"_blank\"><\/a><br \/>\nEl dia 21 de Novembre els alumnes de 4art hem fet el taller de Bar\u00e7a kids. Hem treballat en equip buscant la definici\u00f3 de valors que s&#8217;ha publica a la seva <a href=\"http:\/\/fcbkids.cat\/ca\/nens\/wikivalors\/usuari\/Escola%20Joan%20Ardevol\">p\u00e0gina<\/a>. El lema que hem apr\u00e8s \u00e9s: Qui t\u00e9 valors guanya.&hellip;  <a href=\"https:\/\/agora.xtec.cat\/escjoanardevol\/general\/visita-de-quart-a-barca-kids\/\" title=\"Read Visita de quart a Bar\u00e7a Kids!\">Llegeix m\u00e9s\u00bb<\/a><\/p>\n","protected":false},"author":28,"featured_media":4221,"comment_status":"closed","ping_status":"open","sticky":false,"template":"","format":"standard","meta":{"_bbp_topic_count":0,"_bbp_reply_count":0,"_bbp_total_topic_count":0,"_bbp_total_reply_count":0,"_bbp_voice_count":0,"_bbp_anonymous_reply_count":0,"_bbp_topic_count_hidden":0,"_bbp_reply_count_hidden":0,"_bbp_forum_subforum_count":0,"footnotes":""},"categories":[13,1,4,5],"tags":[59,76,116,16],"class_list":["post-4212","post","type-post","status-publish","format-standard","has-post-thumbnail","hentry","category-4t","category-general","category-portada","category-primaria","tag-activitats","tag-cicle-mitja","tag-fotos","tag-sortides"],"post_mailing_queue_ids":[],"_links":{"self":[{"href":"https:\/\/agora.xtec.cat\/escjoanardevol\/wp-json\/wp\/v2\/posts\/4212","targetHints":{"allow":["GET"]}}],"collection":[{"href":"https:\/\/agora.xtec.cat\/escjoanardevol\/wp-json\/wp\/v2\/posts"}],"about":[{"href":"https:\/\/agora.xtec.cat\/escjoanardevol\/wp-json\/wp\/v2\/types\/post"}],"author":[{"embeddable":true,"href":"https:\/\/agora.xtec.cat\/escjoanardevol\/wp-json\/wp\/v2\/users\/28"}],"replies":[{"embeddable":true,"href":"https:\/\/agora.xtec.cat\/escjoanardevol\/wp-json\/wp\/v2\/comments?post=4212"}],"version-history":[{"count":3,"href":"https:\/\/agora.xtec.cat\/escjoanardevol\/wp-json\/wp\/v2\/posts\/4212\/revisions"}],"predecessor-version":[{"id":4266,"href":"https:\/\/agora.xtec.cat\/escjoanardevol\/wp-json\/wp\/v2\/posts\/4212\/revisions\/4266"}],"wp:featuredmedia":[{"embeddable":true,"href":"https:\/\/agora.xtec.cat\/escjoanardevol\/wp-json\/wp\/v2\/media\/4221"}],"wp:attachment":[{"href":"https:\/\/agora.xtec.cat\/escjoanardevol\/wp-json\/wp\/v2\/media?parent=4212"}],"wp:term":[{"taxonomy":"category","embeddable":true,"href":"https:\/\/agora.xtec.cat\/escjoanardevol\/wp-json\/wp\/v2\/categories?post=4212"},{"taxonomy":"post_tag","embeddable":true,"href":"https:\/\/agora.xtec.cat\/escjoanardevol\/wp-json\/wp\/v2\/tags?post=4212"}],"curies":[{"name":"wp","href":"https:\/\/api.w.org\/{rel}","templated":true}]}}