{"id":4188,"date":"2016-11-22T08:00:53","date_gmt":"2016-11-22T07:00:53","guid":{"rendered":"http:\/\/agora.xtec.cat\/escjoanardevol\/?p=4188"},"modified":"2016-11-21T16:28:29","modified_gmt":"2016-11-21T15:28:29","slug":"setmana-europea-de-la-prevencio-de-residus","status":"publish","type":"post","link":"https:\/\/agora.xtec.cat\/escjoanardevol\/portada\/setmana-europea-de-la-prevencio-de-residus\/","title":{"rendered":"Setmana Europea de la prevenci\u00f3 de residus"},"content":{"rendered":"<p><a href=\"https:\/\/youtu.be\/OW88wzBuvWo\">https:\/\/youtu.be\/OW88wzBuvWo<\/a><\/p>\n<p><span style=\"color: #003300;\">Del 19 al 27 de novembre se celebra la Setmana Europea de la prevenci\u00f3 de residus dedicada a la reducci\u00f3 d&#8217;envasos.<\/span><br \/>\n<span style=\"color: #003300;\">\u00c9s per aquest motiu que els Agents Verds us han preparat un v\u00eddeo amb diferents consells f\u00e0cils d&#8217;aplicar.<\/span><br \/>\n<span style=\"color: #003300;\">Us animem a participar tant a l&#8217;escola com a casa!<\/span><\/p>\n<p><span style=\"color: #003300;\">I recordeu: <span style=\"color: #008000;\"><strong>Els petits canvis s\u00f3n poderosos!<\/strong><\/span><\/span><\/p>\n","protected":false},"excerpt":{"rendered":"<p><a href=\"https:\/\/youtu.be\/OW88wzBuvWo\">https:\/\/youtu.be\/OW88wzBuvWo<\/a><br \/>\nDel 19 al 27 de novembre se celebra la Setmana Europea de la prevenci\u00f3 de residus dedicada a la reducci\u00f3 d&#8217;envasos.<br \/>\n\u00c9s per aquest motiu que els Agents Verds us han preparat un v\u00eddeo amb diferents consells f\u00e0cils d&#8217;aplicar.<br \/>\nUs animem a participar tant a l&#8217;escola&hellip;  <a href=\"https:\/\/agora.xtec.cat\/escjoanardevol\/portada\/setmana-europea-de-la-prevencio-de-residus\/\" title=\"Read Setmana Europea de la prevenci\u00f3 de residus\">Llegeix m\u00e9s\u00bb<\/a><\/p>\n","protected":false},"author":3,"featured_media":0,"comment_status":"closed","ping_status":"open","sticky":false,"template":"","format":"standard","meta":{"_bbp_topic_count":0,"_bbp_reply_count":0,"_bbp_total_topic_count":0,"_bbp_total_reply_count":0,"_bbp_voice_count":0,"_bbp_anonymous_reply_count":0,"_bbp_topic_count_hidden":0,"_bbp_reply_count_hidden":0,"_bbp_forum_subforum_count":0,"footnotes":""},"categories":[15,206,4],"tags":[69,77,94,108,140],"class_list":["post-4188","post","type-post","status-publish","format-standard","hentry","category-6e","category-verda","category-portada","tag-cambrils","tag-cicle-superior-2","tag-cooperacio","tag-escola-verda","tag-medi"],"post_mailing_queue_ids":[],"_links":{"self":[{"href":"https:\/\/agora.xtec.cat\/escjoanardevol\/wp-json\/wp\/v2\/posts\/4188","targetHints":{"allow":["GET"]}}],"collection":[{"href":"https:\/\/agora.xtec.cat\/escjoanardevol\/wp-json\/wp\/v2\/posts"}],"about":[{"href":"https:\/\/agora.xtec.cat\/escjoanardevol\/wp-json\/wp\/v2\/types\/post"}],"author":[{"embeddable":true,"href":"https:\/\/agora.xtec.cat\/escjoanardevol\/wp-json\/wp\/v2\/users\/3"}],"replies":[{"embeddable":true,"href":"https:\/\/agora.xtec.cat\/escjoanardevol\/wp-json\/wp\/v2\/comments?post=4188"}],"version-history":[{"count":1,"href":"https:\/\/agora.xtec.cat\/escjoanardevol\/wp-json\/wp\/v2\/posts\/4188\/revisions"}],"predecessor-version":[{"id":4189,"href":"https:\/\/agora.xtec.cat\/escjoanardevol\/wp-json\/wp\/v2\/posts\/4188\/revisions\/4189"}],"wp:attachment":[{"href":"https:\/\/agora.xtec.cat\/escjoanardevol\/wp-json\/wp\/v2\/media?parent=4188"}],"wp:term":[{"taxonomy":"category","embeddable":true,"href":"https:\/\/agora.xtec.cat\/escjoanardevol\/wp-json\/wp\/v2\/categories?post=4188"},{"taxonomy":"post_tag","embeddable":true,"href":"https:\/\/agora.xtec.cat\/escjoanardevol\/wp-json\/wp\/v2\/tags?post=4188"}],"curies":[{"name":"wp","href":"https:\/\/api.w.org\/{rel}","templated":true}]}}