{"id":4179,"date":"2016-11-21T11:52:21","date_gmt":"2016-11-21T10:52:21","guid":{"rendered":"http:\/\/agora.xtec.cat\/escjoanardevol\/?p=4179"},"modified":"2016-11-21T11:52:21","modified_gmt":"2016-11-21T10:52:21","slug":"cicle-inicial-visita-lexposicio-origens","status":"publish","type":"post","link":"https:\/\/agora.xtec.cat\/escjoanardevol\/portada\/cicle-inicial-visita-lexposicio-origens\/","title":{"rendered":"Cicle Inicial visita l&#8217;exposici\u00f3 Or\u00edgens"},"content":{"rendered":"<p>Dijous dia 17 de novembre vam anar al Centre Cultural a fer la classe de pl\u00e0stica.<\/p>\n<p>Primer vam veure els treballs de Salvador Montserrat que havia fet uns quadres\u00a0 pintant amb color rosa i \u00a0uns altres cosint roba de diferents formes i colors. Despr\u00e9s vam baixar al Pati i ens vam trobar amb el missatge d\u2019Henri Matisse: \u201cHem de veure la vida com si f\u00f3ssim nens\u201d&#8230;<br \/>\nVam veure una exposici\u00f3 de treballs fets per nens i nenes com nosaltres. Els nostres companys havien fet dibuixos, autoretrats, m\u00f2bils, cortines, ninos\u2026 amb diferents t\u00e8cniques i materials, amb molts gomets i colors. Nosaltres tamb\u00e9 ho vam provar!\u2026 Va ser molt interessant!<\/p>\n<p>Pots veure l&#8217;\u00e0lbum de fotos fent clic <a href=\"https:\/\/goo.gl\/photos\/PXsiNsAtYQm9aAFcA\" target=\"_blank\">aqu\u00ed<\/a>:<\/p>\n<p><a href=\"https:\/\/goo.gl\/photos\/PXsiNsAtYQm9aAFcA\" target=\"_blank\"><img loading=\"lazy\" decoding=\"async\" class=\"alignnone wp-image-4180 size-medium\" src=\"http:\/\/agora.xtec.cat\/escjoanardevol\/wp-content\/uploads\/usu550\/2016\/11\/IMG_0421-C\u00f2pia-300x139.jpg\" alt=\"img_0421-copia\" width=\"300\" height=\"139\" srcset=\"https:\/\/agora.xtec.cat\/escjoanardevol\/wp-content\/uploads\/usu550\/2016\/11\/IMG_0421-C\u00f2pia-300x139.jpg 300w, https:\/\/agora.xtec.cat\/escjoanardevol\/wp-content\/uploads\/usu550\/2016\/11\/IMG_0421-C\u00f2pia-768x355.jpg 768w, https:\/\/agora.xtec.cat\/escjoanardevol\/wp-content\/uploads\/usu550\/2016\/11\/IMG_0421-C\u00f2pia.jpg 1024w\" sizes=\"auto, (max-width: 300px) 100vw, 300px\" \/><\/a><\/p>\n<p>&nbsp;<\/p>\n<p>&nbsp;<\/p>\n<p>&nbsp;<\/p>\n","protected":false},"excerpt":{"rendered":"<p>Dijous dia 17 de novembre vam anar al Centre Cultural a fer la classe de pl\u00e0stica.<br \/>\nPrimer vam veure els treballs de Salvador Montserrat que havia fet uns quadres\u00a0 pintant amb color rosa i \u00a0uns altres cosint roba de diferents formes i colors. Despr\u00e9s vam baixar&hellip;  <a href=\"https:\/\/agora.xtec.cat\/escjoanardevol\/portada\/cicle-inicial-visita-lexposicio-origens\/\" title=\"Read Cicle Inicial visita l&#8217;exposici\u00f3 Or\u00edgens\">Llegeix m\u00e9s\u00bb<\/a><\/p>\n","protected":false},"author":3,"featured_media":4180,"comment_status":"closed","ping_status":"open","sticky":false,"template":"","format":"standard","meta":{"_bbp_topic_count":0,"_bbp_reply_count":0,"_bbp_total_topic_count":0,"_bbp_total_reply_count":0,"_bbp_voice_count":0,"_bbp_anonymous_reply_count":0,"_bbp_topic_count_hidden":0,"_bbp_reply_count_hidden":0,"_bbp_forum_subforum_count":0,"footnotes":""},"categories":[10,4],"tags":[69,75,116,144,16],"class_list":["post-4179","post","type-post","status-publish","format-standard","has-post-thumbnail","hentry","category-1r","category-portada","tag-cambrils","tag-cicle-inicial","tag-fotos","tag-museus","tag-sortides"],"post_mailing_queue_ids":[],"_links":{"self":[{"href":"https:\/\/agora.xtec.cat\/escjoanardevol\/wp-json\/wp\/v2\/posts\/4179","targetHints":{"allow":["GET"]}}],"collection":[{"href":"https:\/\/agora.xtec.cat\/escjoanardevol\/wp-json\/wp\/v2\/posts"}],"about":[{"href":"https:\/\/agora.xtec.cat\/escjoanardevol\/wp-json\/wp\/v2\/types\/post"}],"author":[{"embeddable":true,"href":"https:\/\/agora.xtec.cat\/escjoanardevol\/wp-json\/wp\/v2\/users\/3"}],"replies":[{"embeddable":true,"href":"https:\/\/agora.xtec.cat\/escjoanardevol\/wp-json\/wp\/v2\/comments?post=4179"}],"version-history":[{"count":1,"href":"https:\/\/agora.xtec.cat\/escjoanardevol\/wp-json\/wp\/v2\/posts\/4179\/revisions"}],"predecessor-version":[{"id":4181,"href":"https:\/\/agora.xtec.cat\/escjoanardevol\/wp-json\/wp\/v2\/posts\/4179\/revisions\/4181"}],"wp:featuredmedia":[{"embeddable":true,"href":"https:\/\/agora.xtec.cat\/escjoanardevol\/wp-json\/wp\/v2\/media\/4180"}],"wp:attachment":[{"href":"https:\/\/agora.xtec.cat\/escjoanardevol\/wp-json\/wp\/v2\/media?parent=4179"}],"wp:term":[{"taxonomy":"category","embeddable":true,"href":"https:\/\/agora.xtec.cat\/escjoanardevol\/wp-json\/wp\/v2\/categories?post=4179"},{"taxonomy":"post_tag","embeddable":true,"href":"https:\/\/agora.xtec.cat\/escjoanardevol\/wp-json\/wp\/v2\/tags?post=4179"}],"curies":[{"name":"wp","href":"https:\/\/api.w.org\/{rel}","templated":true}]}}