{"id":4176,"date":"2016-11-15T18:39:09","date_gmt":"2016-11-15T17:39:09","guid":{"rendered":"http:\/\/agora.xtec.cat\/escjoanardevol\/?p=4176"},"modified":"2016-11-18T00:08:57","modified_gmt":"2016-11-17T23:08:57","slug":"renovacio-consell-escolar","status":"publish","type":"post","link":"https:\/\/agora.xtec.cat\/escjoanardevol\/portada\/renovacio-consell-escolar\/","title":{"rendered":"Renovaci\u00f3 Consell Escolar"},"content":{"rendered":"<p>El Consell Escolar \u00e9s l\u2019\u00f2rgan col\u00b7legiat de participaci\u00f3 de la comunitat escolar en l\u2019organitzaci\u00f3 del centre. Est\u00e0 format per l\u2019equip directiu, representants de mestres,\u00a0 pares, personal d\u2019administraci\u00f3 i serveis, ajuntament i associaci\u00f3 de pares i mares. Els membres del Consell Escolar s\u00f3n elegits per un per\u00edode de quatre anys i es renoven per meitats cada dos anys.<\/p>\n<p>Aquest any cal procedir a la renovaci\u00f3 de 2 membres del sector de pares d\u2019alumnes. Tal com vam informar a la cartellera de l\u2019escola, el dia 7 de novembre es va iniciar el proc\u00e9s electoral.<\/p>\n<p>El termini per presentar candidatures finalitza el divendres, <strong>18 de novembre<\/strong>. <u>Us animem a qu\u00e8 presenteu les vostres candidatures al Consell Escolar del centre<\/u>. Si voleu presentar candidatura al Consell Escolar, nom\u00e9s cal emplenar el formulari que trobareu a la secretaria de l\u2019escola.<\/p>\n<p>Per a m\u00e9s informaci\u00f3, podeu consultar la seg\u00fcent <a href=\"http:\/\/familiaiescola.gencat.cat\/ca\/recomanacions\/recomanacions\/eleccions_als_consells_escolars\/\" target=\"_blank\">p\u00e0gina web<\/a>.<\/p>\n<p><a href=\"http:\/\/familiaiescola.gencat.cat\/ca\/recomanacions\/recomanacions\/eleccions_als_consells_escolars\/\" target=\"_blank\"><img loading=\"lazy\" decoding=\"async\" class=\"alignnone wp-image-4177 size-medium\" src=\"http:\/\/agora.xtec.cat\/escjoanardevol\/wp-content\/uploads\/usu550\/2016\/11\/vota-300x214.jpg\" alt=\"vota\" width=\"300\" height=\"214\" srcset=\"https:\/\/agora.xtec.cat\/escjoanardevol\/wp-content\/uploads\/usu550\/2016\/11\/vota-300x214.jpg 300w, https:\/\/agora.xtec.cat\/escjoanardevol\/wp-content\/uploads\/usu550\/2016\/11\/vota-768x547.jpg 768w, https:\/\/agora.xtec.cat\/escjoanardevol\/wp-content\/uploads\/usu550\/2016\/11\/vota-1024x730.jpg 1024w, https:\/\/agora.xtec.cat\/escjoanardevol\/wp-content\/uploads\/usu550\/2016\/11\/vota.jpg 1386w\" sizes=\"auto, (max-width: 300px) 100vw, 300px\" \/><\/a><\/p>\n","protected":false},"excerpt":{"rendered":"<p>El Consell Escolar \u00e9s l\u2019\u00f2rgan col\u00b7legiat de participaci\u00f3 de la comunitat escolar en l\u2019organitzaci\u00f3 del centre. Est\u00e0 format per l\u2019equip directiu, representants de mestres,\u00a0 pares, personal d\u2019administraci\u00f3 i serveis, ajuntament i associaci\u00f3 de pares i mares. Els membres del Consell Escolar s\u00f3n elegits per un&hellip;  <a href=\"https:\/\/agora.xtec.cat\/escjoanardevol\/portada\/renovacio-consell-escolar\/\" title=\"Read Renovaci\u00f3 Consell Escolar\">Llegeix m\u00e9s\u00bb<\/a><\/p>\n","protected":false},"author":3,"featured_media":4177,"comment_status":"closed","ping_status":"open","sticky":false,"template":"","format":"standard","meta":{"_bbp_topic_count":0,"_bbp_reply_count":0,"_bbp_total_topic_count":0,"_bbp_total_reply_count":0,"_bbp_voice_count":0,"_bbp_anonymous_reply_count":0,"_bbp_topic_count_hidden":0,"_bbp_reply_count_hidden":0,"_bbp_forum_subforum_count":0,"footnotes":""},"categories":[4],"tags":[148],"class_list":["post-4176","post","type-post","status-publish","format-standard","has-post-thumbnail","hentry","category-portada","tag-noticies"],"post_mailing_queue_ids":[],"_links":{"self":[{"href":"https:\/\/agora.xtec.cat\/escjoanardevol\/wp-json\/wp\/v2\/posts\/4176","targetHints":{"allow":["GET"]}}],"collection":[{"href":"https:\/\/agora.xtec.cat\/escjoanardevol\/wp-json\/wp\/v2\/posts"}],"about":[{"href":"https:\/\/agora.xtec.cat\/escjoanardevol\/wp-json\/wp\/v2\/types\/post"}],"author":[{"embeddable":true,"href":"https:\/\/agora.xtec.cat\/escjoanardevol\/wp-json\/wp\/v2\/users\/3"}],"replies":[{"embeddable":true,"href":"https:\/\/agora.xtec.cat\/escjoanardevol\/wp-json\/wp\/v2\/comments?post=4176"}],"version-history":[{"count":1,"href":"https:\/\/agora.xtec.cat\/escjoanardevol\/wp-json\/wp\/v2\/posts\/4176\/revisions"}],"predecessor-version":[{"id":4178,"href":"https:\/\/agora.xtec.cat\/escjoanardevol\/wp-json\/wp\/v2\/posts\/4176\/revisions\/4178"}],"wp:featuredmedia":[{"embeddable":true,"href":"https:\/\/agora.xtec.cat\/escjoanardevol\/wp-json\/wp\/v2\/media\/4177"}],"wp:attachment":[{"href":"https:\/\/agora.xtec.cat\/escjoanardevol\/wp-json\/wp\/v2\/media?parent=4176"}],"wp:term":[{"taxonomy":"category","embeddable":true,"href":"https:\/\/agora.xtec.cat\/escjoanardevol\/wp-json\/wp\/v2\/categories?post=4176"},{"taxonomy":"post_tag","embeddable":true,"href":"https:\/\/agora.xtec.cat\/escjoanardevol\/wp-json\/wp\/v2\/tags?post=4176"}],"curies":[{"name":"wp","href":"https:\/\/api.w.org\/{rel}","templated":true}]}}