{"id":4173,"date":"2016-11-14T17:57:31","date_gmt":"2016-11-14T16:57:31","guid":{"rendered":"http:\/\/agora.xtec.cat\/escjoanardevol\/?p=4173"},"modified":"2016-11-14T17:57:31","modified_gmt":"2016-11-14T16:57:31","slug":"laventura-de-les-colonies-de-p5","status":"publish","type":"post","link":"https:\/\/agora.xtec.cat\/escjoanardevol\/infantil\/laventura-de-les-colonies-de-p5\/","title":{"rendered":"L&#8217;aventura de les col\u00f2nies de P5"},"content":{"rendered":"<p>Dijous vam sortir de l&#8217;escola tots preparats per anar de col\u00f2nies i passar-nos-ho molt b\u00e9. Vam anar caminant pels carrers de Cambrils fins arribar a &#8220;La Marinada&#8221;. All\u00e0 hem fet nous amics, hem apr\u00e8s a conviure tots junts, a fer-nos el llit i a parar taula, i a tenir cura del medi ambient. Vam ajudar l&#8217;avi Miquel, que pobret est\u00e0 molt malaltet. I ens hem convertit en pirates bons!<\/p>\n<p>Hi ha moltes fotos, pots veure l&#8217;\u00e0lbum fent clic <a href=\"https:\/\/goo.gl\/photos\/7fjPbHhtxozxSJJJ8\" target=\"_blank\">aqu\u00ed<\/a>.<\/p>\n<p><a href=\"https:\/\/goo.gl\/photos\/7fjPbHhtxozxSJJJ8\" target=\"_blank\"><img loading=\"lazy\" decoding=\"async\" class=\"alignnone wp-image-4174 size-medium\" src=\"http:\/\/agora.xtec.cat\/escjoanardevol\/wp-content\/uploads\/usu550\/2016\/11\/IMG_2837-C\u00f2pia-300x115.jpg\" alt=\"img_2837-copia\" width=\"300\" height=\"115\" srcset=\"https:\/\/agora.xtec.cat\/escjoanardevol\/wp-content\/uploads\/usu550\/2016\/11\/IMG_2837-C\u00f2pia-300x115.jpg 300w, https:\/\/agora.xtec.cat\/escjoanardevol\/wp-content\/uploads\/usu550\/2016\/11\/IMG_2837-C\u00f2pia-768x293.jpg 768w, https:\/\/agora.xtec.cat\/escjoanardevol\/wp-content\/uploads\/usu550\/2016\/11\/IMG_2837-C\u00f2pia.jpg 1024w\" sizes=\"auto, (max-width: 300px) 100vw, 300px\" \/><\/a><\/p>\n","protected":false},"excerpt":{"rendered":"<p>Dijous vam sortir de l&#8217;escola tots preparats per anar de col\u00f2nies i passar-nos-ho molt b\u00e9. Vam anar caminant pels carrers de Cambrils fins arribar a &#8220;La Marinada&#8221;. All\u00e0 hem fet nous amics, hem apr\u00e8s a conviure tots junts, a fer-nos el llit i a parar&hellip;  <a href=\"https:\/\/agora.xtec.cat\/escjoanardevol\/infantil\/laventura-de-les-colonies-de-p5\/\" title=\"Read L&#8217;aventura de les col\u00f2nies de P5\">Llegeix m\u00e9s\u00bb<\/a><\/p>\n","protected":false},"author":3,"featured_media":4174,"comment_status":"closed","ping_status":"open","sticky":false,"template":"","format":"standard","meta":{"_bbp_topic_count":0,"_bbp_reply_count":0,"_bbp_total_topic_count":0,"_bbp_total_reply_count":0,"_bbp_voice_count":0,"_bbp_anonymous_reply_count":0,"_bbp_topic_count_hidden":0,"_bbp_reply_count_hidden":0,"_bbp_forum_subforum_count":0,"footnotes":""},"categories":[2,9,4],"tags":[69,86,93,103,16],"class_list":["post-4173","post","type-post","status-publish","format-standard","has-post-thumbnail","hentry","category-infantil","category-p5","category-portada","tag-cambrils","tag-colonies","tag-convivencia","tag-educacio-infantil","tag-sortides"],"post_mailing_queue_ids":[],"_links":{"self":[{"href":"https:\/\/agora.xtec.cat\/escjoanardevol\/wp-json\/wp\/v2\/posts\/4173","targetHints":{"allow":["GET"]}}],"collection":[{"href":"https:\/\/agora.xtec.cat\/escjoanardevol\/wp-json\/wp\/v2\/posts"}],"about":[{"href":"https:\/\/agora.xtec.cat\/escjoanardevol\/wp-json\/wp\/v2\/types\/post"}],"author":[{"embeddable":true,"href":"https:\/\/agora.xtec.cat\/escjoanardevol\/wp-json\/wp\/v2\/users\/3"}],"replies":[{"embeddable":true,"href":"https:\/\/agora.xtec.cat\/escjoanardevol\/wp-json\/wp\/v2\/comments?post=4173"}],"version-history":[{"count":1,"href":"https:\/\/agora.xtec.cat\/escjoanardevol\/wp-json\/wp\/v2\/posts\/4173\/revisions"}],"predecessor-version":[{"id":4175,"href":"https:\/\/agora.xtec.cat\/escjoanardevol\/wp-json\/wp\/v2\/posts\/4173\/revisions\/4175"}],"wp:featuredmedia":[{"embeddable":true,"href":"https:\/\/agora.xtec.cat\/escjoanardevol\/wp-json\/wp\/v2\/media\/4174"}],"wp:attachment":[{"href":"https:\/\/agora.xtec.cat\/escjoanardevol\/wp-json\/wp\/v2\/media?parent=4173"}],"wp:term":[{"taxonomy":"category","embeddable":true,"href":"https:\/\/agora.xtec.cat\/escjoanardevol\/wp-json\/wp\/v2\/categories?post=4173"},{"taxonomy":"post_tag","embeddable":true,"href":"https:\/\/agora.xtec.cat\/escjoanardevol\/wp-json\/wp\/v2\/tags?post=4173"}],"curies":[{"name":"wp","href":"https:\/\/api.w.org\/{rel}","templated":true}]}}