{"id":4097,"date":"2016-10-21T16:06:42","date_gmt":"2016-10-21T14:06:42","guid":{"rendered":"http:\/\/agora.xtec.cat\/escjoanardevol\/?p=4097"},"modified":"2016-11-07T10:00:33","modified_gmt":"2016-11-07T09:00:33","slug":"consell-delegats-primera-reunio-2016-2017","status":"publish","type":"post","link":"https:\/\/agora.xtec.cat\/escjoanardevol\/portada\/consell-delegats-primera-reunio-2016-2017\/","title":{"rendered":"Consell de Delegats: primera reuni\u00f3 2016-2017"},"content":{"rendered":"<p>El dia 21 d&#8217;octubre hem fet la primera reuni\u00f3 del Consell de Delegats i Delegades. Cada classe d&#8217;educaci\u00f3 Prim\u00e0ria va escollir els seus representants, delegats i sotsdelegats. Els delegats s\u00f3n persones responsables, serioses, acceptades per tothom que respecta i s\u00f3n respectades. El Delegat t\u00e9 iniciatives i \u00e9s ferm en la defensa dels interessos dels companys. T\u00e9 dret a ser escolat pels \u00d2rgans de Govern del centre, a rebre informaci\u00f3 i transmetre-la.<\/p>\n<p>El Consell de Delegats serveix per intercanviar informaci\u00f3, estudiar els problemes, elaborar propostes, fer suggeriments i col\u00b7laborar en la millora de l&#8217;escola.<\/p>\n<p>Avui, els delegats i sotsdelegats de cada classe hi han fet arribar les seves propostes. Els temes tractats han estat sobre la millora del <strong>temps d&#8217;esbarjo<\/strong> i fer propostes per avan\u00e7ar en l&#8217;<span style=\"color: #339966;\"><strong>escola verda<\/strong><\/span>. Hem escoltat propostes relatives al joc durant l&#8217;esbarjo, l&#8217;ordre en el repartiment de jocs, pilotes, etc. Tamb\u00e9 s&#8217;ha demanat una font per al pati dels petits, pintures i flors. Pel que fa a Escola Verda, les propostes han estat relacionades a posar papereres o contenidors de colors que ajudin a fer b\u00e9 el reciclatge, a ser m\u00e9s curosos, en general, del medi ambient.<\/p>\n<p>Seguirem treballant per fer una escola millor!<\/p>\n<p><a href=\"https:\/\/goo.gl\/photos\/jJTnz9y3SaMt2PYp6\" target=\"_blank\"><img loading=\"lazy\" decoding=\"async\" class=\"alignnone wp-image-4098 size-medium\" src=\"http:\/\/agora.xtec.cat\/escjoanardevol\/wp-content\/uploads\/usu550\/2016\/10\/DSC_0520-300x200.jpg\" alt=\"dsc_0520\" width=\"300\" height=\"200\" srcset=\"https:\/\/agora.xtec.cat\/escjoanardevol\/wp-content\/uploads\/usu550\/2016\/10\/DSC_0520-300x200.jpg 300w, https:\/\/agora.xtec.cat\/escjoanardevol\/wp-content\/uploads\/usu550\/2016\/10\/DSC_0520-768x512.jpg 768w, https:\/\/agora.xtec.cat\/escjoanardevol\/wp-content\/uploads\/usu550\/2016\/10\/DSC_0520.jpg 1024w\" sizes=\"auto, (max-width: 300px) 100vw, 300px\" \/><\/a><\/p>\n","protected":false},"excerpt":{"rendered":"<p>El dia 21 d&#8217;octubre hem fet la primera reuni\u00f3 del Consell de Delegats i Delegades. Cada classe d&#8217;educaci\u00f3 Prim\u00e0ria va escollir els seus representants, delegats i sotsdelegats. Els delegats s\u00f3n persones responsables, serioses, acceptades per tothom que respecta i s\u00f3n respectades. El Delegat t\u00e9 iniciatives&hellip;  <a href=\"https:\/\/agora.xtec.cat\/escjoanardevol\/portada\/consell-delegats-primera-reunio-2016-2017\/\" title=\"Read Consell de Delegats: primera reuni\u00f3 2016-2017\">Llegeix m\u00e9s\u00bb<\/a><\/p>\n","protected":false},"author":3,"featured_media":4099,"comment_status":"open","ping_status":"open","sticky":false,"template":"","format":"standard","meta":{"_bbp_topic_count":0,"_bbp_reply_count":0,"_bbp_total_topic_count":0,"_bbp_total_reply_count":0,"_bbp_voice_count":0,"_bbp_anonymous_reply_count":0,"_bbp_topic_count_hidden":0,"_bbp_reply_count_hidden":0,"_bbp_forum_subforum_count":0,"footnotes":""},"categories":[4,5],"tags":[59,75,76,77,91,98],"class_list":["post-4097","post","type-post","status-publish","format-standard","has-post-thumbnail","hentry","category-portada","category-primaria","tag-activitats","tag-cicle-inicial","tag-cicle-mitja","tag-cicle-superior-2","tag-consell-de-delegats","tag-delegats"],"post_mailing_queue_ids":[],"_links":{"self":[{"href":"https:\/\/agora.xtec.cat\/escjoanardevol\/wp-json\/wp\/v2\/posts\/4097","targetHints":{"allow":["GET"]}}],"collection":[{"href":"https:\/\/agora.xtec.cat\/escjoanardevol\/wp-json\/wp\/v2\/posts"}],"about":[{"href":"https:\/\/agora.xtec.cat\/escjoanardevol\/wp-json\/wp\/v2\/types\/post"}],"author":[{"embeddable":true,"href":"https:\/\/agora.xtec.cat\/escjoanardevol\/wp-json\/wp\/v2\/users\/3"}],"replies":[{"embeddable":true,"href":"https:\/\/agora.xtec.cat\/escjoanardevol\/wp-json\/wp\/v2\/comments?post=4097"}],"version-history":[{"count":3,"href":"https:\/\/agora.xtec.cat\/escjoanardevol\/wp-json\/wp\/v2\/posts\/4097\/revisions"}],"predecessor-version":[{"id":4162,"href":"https:\/\/agora.xtec.cat\/escjoanardevol\/wp-json\/wp\/v2\/posts\/4097\/revisions\/4162"}],"wp:featuredmedia":[{"embeddable":true,"href":"https:\/\/agora.xtec.cat\/escjoanardevol\/wp-json\/wp\/v2\/media\/4099"}],"wp:attachment":[{"href":"https:\/\/agora.xtec.cat\/escjoanardevol\/wp-json\/wp\/v2\/media?parent=4097"}],"wp:term":[{"taxonomy":"category","embeddable":true,"href":"https:\/\/agora.xtec.cat\/escjoanardevol\/wp-json\/wp\/v2\/categories?post=4097"},{"taxonomy":"post_tag","embeddable":true,"href":"https:\/\/agora.xtec.cat\/escjoanardevol\/wp-json\/wp\/v2\/tags?post=4097"}],"curies":[{"name":"wp","href":"https:\/\/api.w.org\/{rel}","templated":true}]}}