{"id":4069,"date":"2016-10-07T10:28:08","date_gmt":"2016-10-07T08:28:08","guid":{"rendered":"http:\/\/agora.xtec.cat\/escjoanardevol\/?p=4069"},"modified":"2016-10-18T16:31:19","modified_gmt":"2016-10-18T15:31:19","slug":"rosa-pamies-de-novata-a-jubilada","status":"publish","type":"post","link":"https:\/\/agora.xtec.cat\/escjoanardevol\/portada\/rosa-pamies-de-novata-a-jubilada\/","title":{"rendered":"Rosa P\u00e0mies: &#8220;De novata a jubilada&#8221;"},"content":{"rendered":"<table>\n<tbody>\n<tr>\n<td><a href=\"http:\/\/agora.xtec.cat\/escjoanardevol\/wp-content\/uploads\/usu550\/2016\/10\/WhatsApp-Image-2016-10-06-at-18.29.34.jpeg\"><img loading=\"lazy\" decoding=\"async\" class=\"aligncenter wp-image-4073 size-large\" src=\"http:\/\/agora.xtec.cat\/escjoanardevol\/wp-content\/uploads\/usu550\/2016\/10\/WhatsApp-Image-2016-10-06-at-18.29.34-607x1024.jpeg\" alt=\"whatsapp-image-2016-10-06-at-18-29-34\" width=\"607\" height=\"1024\" srcset=\"https:\/\/agora.xtec.cat\/escjoanardevol\/wp-content\/uploads\/usu550\/2016\/10\/WhatsApp-Image-2016-10-06-at-18.29.34-607x1024.jpeg 607w, https:\/\/agora.xtec.cat\/escjoanardevol\/wp-content\/uploads\/usu550\/2016\/10\/WhatsApp-Image-2016-10-06-at-18.29.34-178x300.jpeg 178w, https:\/\/agora.xtec.cat\/escjoanardevol\/wp-content\/uploads\/usu550\/2016\/10\/WhatsApp-Image-2016-10-06-at-18.29.34.jpeg 746w\" sizes=\"auto, (max-width: 607px) 100vw, 607px\" \/><\/a><\/td>\n<td>Rosa P\u00e0mies va ser mestra de la nostra escola durant for\u00e7a anys. molts alumnes, els quals ara s\u00f3n pares, la van tenir com a mestra d&#8217;angl\u00e8s i en parlen molt b\u00e9!<\/p>\n<p>Despr\u00e9s d&#8217;uns anys d&#8217;estar jubilada, ha escrit un llibre, &#8220;<span style=\"text-decoration: underline;\">De novata a jubilada<\/span>&#8220;, on explica part de les seves viv\u00e8ncies personals. \u00c9s un llibre de testimoniatge i den\u00fancia i, amb el pas dels anys, es va apreciant els canvis que de mica en mica ha anat fent el m\u00f3n de l&#8217;educaci\u00f3 i com ella els ha viscut: des del Franquisme, la transici\u00f3 democr\u00e0tica fins l&#8217;\u00e8poca actual. La seva visi\u00f3 li permet de valorar el seu pas per diverses etapes educatives (parvulari, prim\u00e0ria i secund\u00e0ria), aix\u00ed com el seu pas per l&#8217;escola privada i la p\u00fablica.<\/p>\n<p>El dijous, 6 d&#8217;octubre, vam tenir el plaer que compart\u00eds amb nosaltres la publicaci\u00f3 del seu llibre. Va ser una jornada molt maca, plena de records i bons sentiments.<\/td>\n<\/tr>\n<\/tbody>\n<\/table>\n<p><a href=\"http:\/\/agora.xtec.cat\/escjoanardevol\/wp-content\/uploads\/usu550\/2016\/10\/20161006_170556.jpg\"><img loading=\"lazy\" decoding=\"async\" class=\"aligncenter size-medium wp-image-4070\" src=\"http:\/\/agora.xtec.cat\/escjoanardevol\/wp-content\/uploads\/usu550\/2016\/10\/20161006_170556-300x169.jpg\" alt=\"20161006_170556\" width=\"300\" height=\"169\" srcset=\"https:\/\/agora.xtec.cat\/escjoanardevol\/wp-content\/uploads\/usu550\/2016\/10\/20161006_170556-300x169.jpg 300w, https:\/\/agora.xtec.cat\/escjoanardevol\/wp-content\/uploads\/usu550\/2016\/10\/20161006_170556-768x432.jpg 768w, https:\/\/agora.xtec.cat\/escjoanardevol\/wp-content\/uploads\/usu550\/2016\/10\/20161006_170556-1024x576.jpg 1024w\" sizes=\"auto, (max-width: 300px) 100vw, 300px\" \/><\/a><\/p>\n","protected":false},"excerpt":{"rendered":"<p><a href=\"http:\/\/agora.xtec.cat\/escjoanardevol\/wp-content\/uploads\/usu550\/2016\/10\/WhatsApp-Image-2016-10-06-at-18.29.34.jpeg\"><\/a><br \/>\nRosa P\u00e0mies va ser mestra de la nostra escola durant for\u00e7a anys. molts alumnes, els quals ara s\u00f3n pares, la van tenir com a mestra d&#8217;angl\u00e8s i en parlen molt b\u00e9!<br \/>\nDespr\u00e9s d&#8217;uns anys d&#8217;estar jubilada, ha escrit un llibre, &#8220;De novata a jubilada&#8220;, on&hellip;  <a href=\"https:\/\/agora.xtec.cat\/escjoanardevol\/portada\/rosa-pamies-de-novata-a-jubilada\/\" title=\"Read Rosa P\u00e0mies: &#8220;De novata a jubilada&#8221;\">Llegeix m\u00e9s\u00bb<\/a><\/p>\n","protected":false},"author":1,"featured_media":4072,"comment_status":"open","ping_status":"open","sticky":false,"template":"","format":"standard","meta":{"_bbp_topic_count":0,"_bbp_reply_count":0,"_bbp_total_topic_count":0,"_bbp_total_reply_count":0,"_bbp_voice_count":0,"_bbp_anonymous_reply_count":0,"_bbp_topic_count_hidden":0,"_bbp_reply_count_hidden":0,"_bbp_forum_subforum_count":0,"footnotes":""},"categories":[4],"tags":[59,69,130,133],"class_list":["post-4069","post","type-post","status-publish","format-standard","has-post-thumbnail","hentry","category-portada","tag-activitats","tag-cambrils","tag-lectura","tag-llibres"],"post_mailing_queue_ids":[],"_links":{"self":[{"href":"https:\/\/agora.xtec.cat\/escjoanardevol\/wp-json\/wp\/v2\/posts\/4069","targetHints":{"allow":["GET"]}}],"collection":[{"href":"https:\/\/agora.xtec.cat\/escjoanardevol\/wp-json\/wp\/v2\/posts"}],"about":[{"href":"https:\/\/agora.xtec.cat\/escjoanardevol\/wp-json\/wp\/v2\/types\/post"}],"author":[{"embeddable":true,"href":"https:\/\/agora.xtec.cat\/escjoanardevol\/wp-json\/wp\/v2\/users\/1"}],"replies":[{"embeddable":true,"href":"https:\/\/agora.xtec.cat\/escjoanardevol\/wp-json\/wp\/v2\/comments?post=4069"}],"version-history":[{"count":2,"href":"https:\/\/agora.xtec.cat\/escjoanardevol\/wp-json\/wp\/v2\/posts\/4069\/revisions"}],"predecessor-version":[{"id":4075,"href":"https:\/\/agora.xtec.cat\/escjoanardevol\/wp-json\/wp\/v2\/posts\/4069\/revisions\/4075"}],"wp:featuredmedia":[{"embeddable":true,"href":"https:\/\/agora.xtec.cat\/escjoanardevol\/wp-json\/wp\/v2\/media\/4072"}],"wp:attachment":[{"href":"https:\/\/agora.xtec.cat\/escjoanardevol\/wp-json\/wp\/v2\/media?parent=4069"}],"wp:term":[{"taxonomy":"category","embeddable":true,"href":"https:\/\/agora.xtec.cat\/escjoanardevol\/wp-json\/wp\/v2\/categories?post=4069"},{"taxonomy":"post_tag","embeddable":true,"href":"https:\/\/agora.xtec.cat\/escjoanardevol\/wp-json\/wp\/v2\/tags?post=4069"}],"curies":[{"name":"wp","href":"https:\/\/api.w.org\/{rel}","templated":true}]}}