{"id":4042,"date":"2016-09-30T12:24:24","date_gmt":"2016-09-30T10:24:24","guid":{"rendered":"http:\/\/agora.xtec.cat\/escjoanardevol\/?p=4042"},"modified":"2016-10-22T20:40:43","modified_gmt":"2016-10-22T18:40:43","slug":"circulars-informatives-2","status":"publish","type":"post","link":"https:\/\/agora.xtec.cat\/escjoanardevol\/portada\/circulars-informatives-2\/","title":{"rendered":"Circulars informatives"},"content":{"rendered":"<p>L&#8217;escola Joan Ard\u00e8vol ofereix a les fam\u00edlies la possibilitat de rebre informaci\u00f3 i les circulars de centre per mitj\u00e0 del correu electr\u00f2nic. Tamb\u00e9, per aquest mitj\u00e0 demanem a les fam\u00edlies que ens aportin les seves opinions i propostes de millora.<\/p>\n<p>Per poder accedir a aquest servei, cal que les fam\u00edlies emplenin un formulari que trobaran clicant al seg\u00fcent enlla\u00e7:<\/p>\n<p><a href=\"http:\/\/goo.gl\/forms\/UaCifUTUVu\" target=\"_blank\"><img loading=\"lazy\" decoding=\"async\" class=\"alignnone size-full wp-image-3100\" src=\"http:\/\/joanardevol.org\/info\/wp-content\/uploads\/2015\/10\/CIRCULARS.gif\" alt=\"CIRCULARS\" width=\"250\" height=\"67\" \/><\/a><\/p>\n<p>Es pot exercir els drets ARCO (Anul\u00b7laci\u00f3, Rectificaci\u00f3, Cancel\u00b7laci\u00f3 o Oposici\u00f3) comunicant-ho a la secretaria de l&#8217;escola o per correu electr\u00f2nic a escola@joanardevol.org<\/p>\n","protected":false},"excerpt":{"rendered":"<p>L&#8217;escola Joan Ard\u00e8vol ofereix a les fam\u00edlies la possibilitat de rebre informaci\u00f3 i les circulars de centre per mitj\u00e0 del correu electr\u00f2nic. Tamb\u00e9, per aquest mitj\u00e0 demanem a les fam\u00edlies que ens aportin les seves opinions i propostes de millora.<br \/>\nPer poder accedir a aquest servei,&hellip;  <a href=\"https:\/\/agora.xtec.cat\/escjoanardevol\/portada\/circulars-informatives-2\/\" title=\"Read Circulars informatives\">Llegeix m\u00e9s\u00bb<\/a><\/p>\n","protected":false},"author":3,"featured_media":0,"comment_status":"open","ping_status":"open","sticky":false,"template":"","format":"standard","meta":{"_bbp_topic_count":0,"_bbp_reply_count":0,"_bbp_total_topic_count":0,"_bbp_total_reply_count":0,"_bbp_voice_count":0,"_bbp_anonymous_reply_count":0,"_bbp_topic_count_hidden":0,"_bbp_reply_count_hidden":0,"_bbp_forum_subforum_count":0,"footnotes":""},"categories":[4],"tags":[200,148],"class_list":["post-4042","post","type-post","status-publish","format-standard","hentry","category-portada","tag-circulars","tag-noticies"],"post_mailing_queue_ids":[],"_links":{"self":[{"href":"https:\/\/agora.xtec.cat\/escjoanardevol\/wp-json\/wp\/v2\/posts\/4042","targetHints":{"allow":["GET"]}}],"collection":[{"href":"https:\/\/agora.xtec.cat\/escjoanardevol\/wp-json\/wp\/v2\/posts"}],"about":[{"href":"https:\/\/agora.xtec.cat\/escjoanardevol\/wp-json\/wp\/v2\/types\/post"}],"author":[{"embeddable":true,"href":"https:\/\/agora.xtec.cat\/escjoanardevol\/wp-json\/wp\/v2\/users\/3"}],"replies":[{"embeddable":true,"href":"https:\/\/agora.xtec.cat\/escjoanardevol\/wp-json\/wp\/v2\/comments?post=4042"}],"version-history":[{"count":1,"href":"https:\/\/agora.xtec.cat\/escjoanardevol\/wp-json\/wp\/v2\/posts\/4042\/revisions"}],"predecessor-version":[{"id":4043,"href":"https:\/\/agora.xtec.cat\/escjoanardevol\/wp-json\/wp\/v2\/posts\/4042\/revisions\/4043"}],"wp:attachment":[{"href":"https:\/\/agora.xtec.cat\/escjoanardevol\/wp-json\/wp\/v2\/media?parent=4042"}],"wp:term":[{"taxonomy":"category","embeddable":true,"href":"https:\/\/agora.xtec.cat\/escjoanardevol\/wp-json\/wp\/v2\/categories?post=4042"},{"taxonomy":"post_tag","embeddable":true,"href":"https:\/\/agora.xtec.cat\/escjoanardevol\/wp-json\/wp\/v2\/tags?post=4042"}],"curies":[{"name":"wp","href":"https:\/\/api.w.org\/{rel}","templated":true}]}}