{"id":394,"date":"2016-04-19T11:40:58","date_gmt":"2016-04-19T09:40:58","guid":{"rendered":"http:\/\/www.joanardevol.org\/radio\/?p=394"},"modified":"2016-09-04T19:34:30","modified_gmt":"2016-09-04T17:34:30","slug":"la-historia-de-la-nostra-escola-capitol-2","status":"publish","type":"post","link":"https:\/\/agora.xtec.cat\/escjoanardevol\/radio\/la-historia-de-la-nostra-escola-capitol-2\/","title":{"rendered":"La hist\u00f2ria de la nostra escola. Cap\u00edtol 2."},"content":{"rendered":"<p>Estimats o\u00efdors de r\u00e0dio Pinaret. Us avancem una part de l&#8217;entrevista que vam fer des dels estudis a en Josep Bertran, mestre, company i coneixedor de la hist\u00f2ria de la nostra vila i de l&#8217;escola Joan Ard\u00e8vol.<\/p>\n<!--[if lt IE 9]><script>document.createElement('audio');<\/script><![endif]-->\n<audio class=\"wp-audio-shortcode\" id=\"audio-394-1\" preload=\"none\" style=\"width: 100%;\" controls=\"controls\"><source type=\"audio\/mpeg\" src=\"http:\/\/www.joanardevol.org\/radio\/wp-content\/uploads\/2016\/04\/p\u00edndula-josep.mp3?_=1\" \/><a href=\"http:\/\/www.joanardevol.org\/radio\/wp-content\/uploads\/2016\/04\/p\u00edndula-josep.mp3\">http:\/\/www.joanardevol.org\/radio\/wp-content\/uploads\/2016\/04\/p\u00edndula-josep.mp3<\/a><\/audio>\n","protected":false},"excerpt":{"rendered":"<p>Estimats o\u00efdors de r\u00e0dio Pinaret. Us avancem una part de l&#8217;entrevista que vam fer des dels estudis a en Josep Bertran, mestre, company i coneixedor de la hist\u00f2ria de la nostra vila i de l&#8217;escola Joan Ard\u00e8vol.<br \/>\n<a href=\"http:\/\/www.joanardevol.org\/radio\/wp-content\/uploads\/2016\/04\/p\u00edndula-josep.mp3\">http:\/\/www.joanardevol.org\/radio\/wp-content\/uploads\/2016\/04\/p\u00edndula-josep.mp3<\/a><\/p>\n","protected":false},"author":5,"featured_media":0,"comment_status":"open","ping_status":"open","sticky":false,"template":"","format":"standard","meta":{"_bbp_topic_count":0,"_bbp_reply_count":0,"_bbp_total_topic_count":0,"_bbp_total_reply_count":0,"_bbp_voice_count":0,"_bbp_anonymous_reply_count":0,"_bbp_topic_count_hidden":0,"_bbp_reply_count_hidden":0,"_bbp_forum_subforum_count":0,"footnotes":""},"categories":[197],"tags":[],"class_list":["post-394","post","type-post","status-publish","format-standard","hentry","category-radio"],"post_mailing_queue_ids":[],"_links":{"self":[{"href":"https:\/\/agora.xtec.cat\/escjoanardevol\/wp-json\/wp\/v2\/posts\/394","targetHints":{"allow":["GET"]}}],"collection":[{"href":"https:\/\/agora.xtec.cat\/escjoanardevol\/wp-json\/wp\/v2\/posts"}],"about":[{"href":"https:\/\/agora.xtec.cat\/escjoanardevol\/wp-json\/wp\/v2\/types\/post"}],"author":[{"embeddable":true,"href":"https:\/\/agora.xtec.cat\/escjoanardevol\/wp-json\/wp\/v2\/users\/5"}],"replies":[{"embeddable":true,"href":"https:\/\/agora.xtec.cat\/escjoanardevol\/wp-json\/wp\/v2\/comments?post=394"}],"version-history":[{"count":1,"href":"https:\/\/agora.xtec.cat\/escjoanardevol\/wp-json\/wp\/v2\/posts\/394\/revisions"}],"predecessor-version":[{"id":3869,"href":"https:\/\/agora.xtec.cat\/escjoanardevol\/wp-json\/wp\/v2\/posts\/394\/revisions\/3869"}],"wp:attachment":[{"href":"https:\/\/agora.xtec.cat\/escjoanardevol\/wp-json\/wp\/v2\/media?parent=394"}],"wp:term":[{"taxonomy":"category","embeddable":true,"href":"https:\/\/agora.xtec.cat\/escjoanardevol\/wp-json\/wp\/v2\/categories?post=394"},{"taxonomy":"post_tag","embeddable":true,"href":"https:\/\/agora.xtec.cat\/escjoanardevol\/wp-json\/wp\/v2\/tags?post=394"}],"curies":[{"name":"wp","href":"https:\/\/api.w.org\/{rel}","templated":true}]}}