{"id":3859,"date":"2016-04-19T12:36:16","date_gmt":"2016-04-19T10:36:16","guid":{"rendered":"http:\/\/www.joanardevol.org\/radio\/?p=400"},"modified":"2016-09-04T19:34:24","modified_gmt":"2016-09-04T17:34:24","slug":"la-paraula-mes-bonica-del-mon","status":"publish","type":"post","link":"https:\/\/agora.xtec.cat\/escjoanardevol\/radio\/la-paraula-mes-bonica-del-mon\/","title":{"rendered":"La paraula m\u00e9s bonica del m\u00f3n"},"content":{"rendered":"<p style=\"text-align: center;\"><a href=\"http:\/\/www.joanardevol.org\/radio\/wp-content\/uploads\/2016\/04\/Cloud-1.png\"><img loading=\"lazy\" decoding=\"async\" class=\"alignnone size-medium wp-image-399\" src=\"http:\/\/www.joanardevol.org\/radio\/wp-content\/uploads\/2016\/04\/Cloud-1-300x175.png\" alt=\"Cloud 1\" width=\"300\" height=\"175\" \/><\/a><\/p>\n<p style=\"text-align: left;\">Ens plau compartir amb vosaltres les paraules m\u00e9s boniques del m\u00f3n segons la nostra Comunitat Educativa. Nens i nenes, representants de les fam\u00edlies, mestres i personal del centre han volgut compartir la seva escollida, la m\u00e9s maca, la paraula m\u00e9s bonica del m\u00f3n. Trobes la teva?<\/p>\n","protected":false},"excerpt":{"rendered":"<p><a href=\"http:\/\/www.joanardevol.org\/radio\/wp-content\/uploads\/2016\/04\/Cloud-1.png\"><\/a><br \/>\nEns plau compartir amb vosaltres les paraules m\u00e9s boniques del m\u00f3n segons la nostra Comunitat Educativa. Nens i nenes, representants de les fam\u00edlies, mestres i personal del centre han volgut compartir la seva escollida, la m\u00e9s maca, la paraula m\u00e9s bonica del m\u00f3n. Trobes&hellip;  <a href=\"https:\/\/agora.xtec.cat\/escjoanardevol\/radio\/la-paraula-mes-bonica-del-mon\/\" title=\"Read La paraula m\u00e9s bonica del m\u00f3n\">Llegeix m\u00e9s\u00bb<\/a><\/p>\n","protected":false},"author":5,"featured_media":3895,"comment_status":"open","ping_status":"open","sticky":false,"template":"","format":"standard","meta":{"_bbp_topic_count":0,"_bbp_reply_count":0,"_bbp_total_topic_count":0,"_bbp_total_reply_count":0,"_bbp_voice_count":0,"_bbp_anonymous_reply_count":0,"_bbp_topic_count_hidden":0,"_bbp_reply_count_hidden":0,"_bbp_forum_subforum_count":0,"footnotes":""},"categories":[197],"tags":[],"class_list":["post-3859","post","type-post","status-publish","format-standard","has-post-thumbnail","hentry","category-radio"],"post_mailing_queue_ids":[],"_links":{"self":[{"href":"https:\/\/agora.xtec.cat\/escjoanardevol\/wp-json\/wp\/v2\/posts\/3859","targetHints":{"allow":["GET"]}}],"collection":[{"href":"https:\/\/agora.xtec.cat\/escjoanardevol\/wp-json\/wp\/v2\/posts"}],"about":[{"href":"https:\/\/agora.xtec.cat\/escjoanardevol\/wp-json\/wp\/v2\/types\/post"}],"author":[{"embeddable":true,"href":"https:\/\/agora.xtec.cat\/escjoanardevol\/wp-json\/wp\/v2\/users\/5"}],"replies":[{"embeddable":true,"href":"https:\/\/agora.xtec.cat\/escjoanardevol\/wp-json\/wp\/v2\/comments?post=3859"}],"version-history":[{"count":1,"href":"https:\/\/agora.xtec.cat\/escjoanardevol\/wp-json\/wp\/v2\/posts\/3859\/revisions"}],"predecessor-version":[{"id":3868,"href":"https:\/\/agora.xtec.cat\/escjoanardevol\/wp-json\/wp\/v2\/posts\/3859\/revisions\/3868"}],"wp:featuredmedia":[{"embeddable":true,"href":"https:\/\/agora.xtec.cat\/escjoanardevol\/wp-json\/wp\/v2\/media\/3895"}],"wp:attachment":[{"href":"https:\/\/agora.xtec.cat\/escjoanardevol\/wp-json\/wp\/v2\/media?parent=3859"}],"wp:term":[{"taxonomy":"category","embeddable":true,"href":"https:\/\/agora.xtec.cat\/escjoanardevol\/wp-json\/wp\/v2\/categories?post=3859"},{"taxonomy":"post_tag","embeddable":true,"href":"https:\/\/agora.xtec.cat\/escjoanardevol\/wp-json\/wp\/v2\/tags?post=3859"}],"curies":[{"name":"wp","href":"https:\/\/api.w.org\/{rel}","templated":true}]}}