{"id":3852,"date":"2016-03-02T10:30:11","date_gmt":"2016-03-02T08:30:11","guid":{"rendered":"http:\/\/www.joanardevol.org\/radio\/?p=308"},"modified":"2016-09-04T19:46:47","modified_gmt":"2016-09-04T17:46:47","slug":"entrevista-a-la-monica-responsable-del-taller-de-coeducacio","status":"publish","type":"post","link":"https:\/\/agora.xtec.cat\/escjoanardevol\/radio\/entrevista-a-la-monica-responsable-del-taller-de-coeducacio\/","title":{"rendered":"Entrevista a la M\u00f2nica, responsable del taller de coeducaci\u00f3 Diferents s\u00ed, desiguals no."},"content":{"rendered":"<p style=\"text-align: center;\"><a href=\"http:\/\/www.joanardevol.org\/radio\/wp-content\/uploads\/2016\/03\/IMG_7078.jpg\" rel=\"attachment wp-att-315\"><img loading=\"lazy\" decoding=\"async\" class=\"alignnone size-medium wp-image-315\" src=\"http:\/\/www.joanardevol.org\/radio\/wp-content\/uploads\/2016\/03\/IMG_7078-300x225.jpg\" alt=\"IMG_7078\" width=\"300\" height=\"225\" \/><\/a><\/p>\n<!--[if lt IE 9]><script>document.createElement('audio');<\/script><![endif]-->\n<audio class=\"wp-audio-shortcode\" id=\"audio-3852-1\" preload=\"none\" style=\"width: 100%;\" controls=\"controls\"><source type=\"audio\/mpeg\" src=\"http:\/\/www.joanardevol.org\/radio\/wp-content\/uploads\/2016\/03\/diferents-s\u00ed-desiguals-no-ampliat.mp3?_=1\" \/><a href=\"http:\/\/www.joanardevol.org\/radio\/wp-content\/uploads\/2016\/03\/diferents-s\u00ed-desiguals-no-ampliat.mp3\">http:\/\/www.joanardevol.org\/radio\/wp-content\/uploads\/2016\/03\/diferents-s\u00ed-desiguals-no-ampliat.mp3<\/a><\/audio>\n","protected":false},"excerpt":{"rendered":"<p><a href=\"http:\/\/www.joanardevol.org\/radio\/wp-content\/uploads\/2016\/03\/IMG_7078.jpg\" rel=\"attachment wp-att-315\"><\/a><br \/>\n<a href=\"http:\/\/www.joanardevol.org\/radio\/wp-content\/uploads\/2016\/03\/diferents-s\u00ed-desiguals-no-ampliat.mp3\">http:\/\/www.joanardevol.org\/radio\/wp-content\/uploads\/2016\/03\/diferents-s\u00ed-desiguals-no-ampliat.mp3<\/a><\/p>\n","protected":false},"author":5,"featured_media":3920,"comment_status":"open","ping_status":"open","sticky":false,"template":"","format":"standard","meta":{"_bbp_topic_count":0,"_bbp_reply_count":0,"_bbp_total_topic_count":0,"_bbp_total_reply_count":0,"_bbp_voice_count":0,"_bbp_anonymous_reply_count":0,"_bbp_topic_count_hidden":0,"_bbp_reply_count_hidden":0,"_bbp_forum_subforum_count":0,"footnotes":""},"categories":[197],"tags":[],"class_list":["post-3852","post","type-post","status-publish","format-standard","has-post-thumbnail","hentry","category-radio"],"post_mailing_queue_ids":[],"_links":{"self":[{"href":"https:\/\/agora.xtec.cat\/escjoanardevol\/wp-json\/wp\/v2\/posts\/3852","targetHints":{"allow":["GET"]}}],"collection":[{"href":"https:\/\/agora.xtec.cat\/escjoanardevol\/wp-json\/wp\/v2\/posts"}],"about":[{"href":"https:\/\/agora.xtec.cat\/escjoanardevol\/wp-json\/wp\/v2\/types\/post"}],"author":[{"embeddable":true,"href":"https:\/\/agora.xtec.cat\/escjoanardevol\/wp-json\/wp\/v2\/users\/5"}],"replies":[{"embeddable":true,"href":"https:\/\/agora.xtec.cat\/escjoanardevol\/wp-json\/wp\/v2\/comments?post=3852"}],"version-history":[{"count":1,"href":"https:\/\/agora.xtec.cat\/escjoanardevol\/wp-json\/wp\/v2\/posts\/3852\/revisions"}],"predecessor-version":[{"id":3882,"href":"https:\/\/agora.xtec.cat\/escjoanardevol\/wp-json\/wp\/v2\/posts\/3852\/revisions\/3882"}],"wp:featuredmedia":[{"embeddable":true,"href":"https:\/\/agora.xtec.cat\/escjoanardevol\/wp-json\/wp\/v2\/media\/3920"}],"wp:attachment":[{"href":"https:\/\/agora.xtec.cat\/escjoanardevol\/wp-json\/wp\/v2\/media?parent=3852"}],"wp:term":[{"taxonomy":"category","embeddable":true,"href":"https:\/\/agora.xtec.cat\/escjoanardevol\/wp-json\/wp\/v2\/categories?post=3852"},{"taxonomy":"post_tag","embeddable":true,"href":"https:\/\/agora.xtec.cat\/escjoanardevol\/wp-json\/wp\/v2\/tags?post=3852"}],"curies":[{"name":"wp","href":"https:\/\/api.w.org\/{rel}","templated":true}]}}